{"id":323531,"date":"2024-03-01T08:39:23","date_gmt":"2024-03-01T05:39:23","guid":{"rendered":"https:\/\/sana.sy\/es\/?p=323531"},"modified":"2024-03-01T08:39:23","modified_gmt":"2024-03-01T05:39:23","slug":"esto-se-llama-genocidio-y-recuerda-el-holocausto-comenta-petro-la-reciente-masacre-israeli-en-gaza","status":"publish","type":"post","link":"https:\/\/archive.sana.sy\/es\/?p=323531","title":{"rendered":"&#8220;Esto se llama genocidio y recuerda el Holocausto&#8221;, comenta Petro la reciente masacre israel\u00ed en Gaza"},"content":{"rendered":"<blockquote>\n<p style=\"text-align: justify;\"><span style=\"color: #ff6600;\"><strong>\u00abEl Gobierno colombiano seguir\u00e1 esta situaci\u00f3n con atenci\u00f3n, reafirmando su llamado a un cese al fuego inmediato, con el respaldo de la comunidad internacional en conjunto\u00bb<\/strong><\/span><\/p>\n<\/blockquote>\n<p style=\"text-align: justify;\"><span style=\"color: #800000;\"><strong>Bogot\u00e1, 1 mar (SANA)<\/strong><\/span> El presidente de Colombia, Gustavo Petro, orden\u00f3 suspender toda compra de armas a &#8220;Israel&#8221; tras el ataque del ej\u00e9rcito de ese pa\u00eds contra civiles palestinos que esperaban ayuda humanitaria y comida en Gaza.<\/p>\n<p style=\"text-align: justify;\">\u00abPidiendo comida, m\u00e1s de 100 palestinos fueron asesinados por Netanyahu. Esto se llama genocidio y recuerda el Hocausto, as\u00ed a los poderes mundiales no les guste reconocerlo\u00bb, expres\u00f3 Petro en su perfil de la red X.<\/p>\n<p style=\"text-align: justify;\">Agreg\u00f3 que el mundo debe bloquear a Netanyahu y anunci\u00f3 que Colombia suspende toda compra de armas a Israel.<\/p>\n<p style=\"text-align: justify;\">Adem\u00e1s, el gobierno de Petro, por medio de la canciller\u00eda, manifest\u00f3 su m\u00e1s en\u00e9rgica condena a dicho ataque.<\/p>\n<p style=\"text-align: justify;\">\u00abEl Estado de Israel debe cumplir sin dilaci\u00f3n sus compromisos internacionales con el Derecho Internacional y el Derecho Internacional Humanitario, as\u00ed como las medidas provisionales solicitadas por la Corte Internacional de Justicia\u201d, exigi\u00f3 por medio del Ministerio de Relaciones Exteriores.<\/p>\n<p style=\"text-align: justify;\">A\u00f1adi\u00f3 que, en esa l\u00ednea, debe garantizar la protecci\u00f3n de civiles y el acceso de ayuda humanitaria en toda la Franja de Gaza, territorio que est\u00e1 sufriendo una crisis sanitaria de proporciones catastr\u00f3ficas.<\/p>\n<p style=\"text-align: justify;\">\u00abEl Gobierno colombiano seguir\u00e1 esta situaci\u00f3n con atenci\u00f3n, reafirmando su llamado a un cese al fuego inmediato, con el respaldo de la comunidad internacional en conjunto\u00bb, enfatiz\u00f3.<\/p>\n<p style=\"text-align: justify;\"><em><strong>fm\/ah<\/strong><\/em><\/p>\n","protected":false},"excerpt":{"rendered":"<p>\u00abEl Gobierno colombiano seguir\u00e1 esta situaci\u00f3n con atenci\u00f3n, reafirmando su llamado a un cese al fuego inmediato, con el respaldo de la comunidad internacional en conjunto\u00bb Bogot\u00e1, 1 mar (SANA) El presidente de Colombia, Gustavo Petro, orden\u00f3 suspender toda compra de armas a &#8220;Israel&#8221; tras el ataque del ej\u00e9rcito de ese pa\u00eds contra civiles palestinos &hellip;<\/p>\n","protected":false},"author":30,"featured_media":323532,"comment_status":"closed","ping_status":"closed","sticky":false,"template":"","format":"standard","meta":{"footnotes":""},"categories":[597,456,20724,7541],"tags":[],"class_list":["post-323531","post","type-post","status-publish","format-standard","has-post-thumbnail","","category-cinta-de-noticias","category-arabe-internacional-politica","category-minuto-a-minuto","category-ultimas-noticias"],"_links":{"self":[{"href":"https:\/\/archive.sana.sy\/es\/index.php?rest_route=\/wp\/v2\/posts\/323531"}],"collection":[{"href":"https:\/\/archive.sana.sy\/es\/index.php?rest_route=\/wp\/v2\/posts"}],"about":[{"href":"https:\/\/archive.sana.sy\/es\/index.php?rest_route=\/wp\/v2\/types\/post"}],"author":[{"embeddable":true,"href":"https:\/\/archive.sana.sy\/es\/index.php?rest_route=\/wp\/v2\/users\/30"}],"replies":[{"embeddable":true,"href":"https:\/\/archive.sana.sy\/es\/index.php?rest_route=%2Fwp%2Fv2%2Fcomments&post=323531"}],"version-history":[{"count":1,"href":"https:\/\/archive.sana.sy\/es\/index.php?rest_route=\/wp\/v2\/posts\/323531\/revisions"}],"predecessor-version":[{"id":323533,"href":"https:\/\/archive.sana.sy\/es\/index.php?rest_route=\/wp\/v2\/posts\/323531\/revisions\/323533"}],"wp:featuredmedia":[{"embeddable":true,"href":"https:\/\/archive.sana.sy\/es\/index.php?rest_route=\/wp\/v2\/media\/323532"}],"wp:attachment":[{"href":"https:\/\/archive.sana.sy\/es\/index.php?rest_route=%2Fwp%2Fv2%2Fmedia&parent=323531"}],"wp:term":[{"taxonomy":"category","embeddable":true,"href":"https:\/\/archive.sana.sy\/es\/index.php?rest_route=%2Fwp%2Fv2%2Fcategories&post=323531"},{"taxonomy":"post_tag","embeddable":true,"href":"https:\/\/archive.sana.sy\/es\/index.php?rest_route=%2Fwp%2Fv2%2Ftags&post=323531"}],"curies":[{"name":"wp","href":"https:\/\/api.w.org\/{rel}","templated":true}]}}