{"id":323535,"date":"2024-03-01T08:41:46","date_gmt":"2024-03-01T05:41:46","guid":{"rendered":"https:\/\/sana.sy\/es\/?p=323535"},"modified":"2024-03-01T08:41:46","modified_gmt":"2024-03-01T05:41:46","slug":"marchan-por-palestina-en-uruguay","status":"publish","type":"post","link":"https:\/\/archive.sana.sy\/es\/?p=323535","title":{"rendered":"Marchan por Palestina en Uruguay"},"content":{"rendered":"<blockquote>\n<p style=\"text-align: justify;\"><span style=\"color: #ff6600;\"><strong>En las movilizaciones no faltan cr\u00edticas al gobierno del presidente Luis Lacalle Pou por su abstenci\u00f3n a fines de octubre \u00faltimo sobre una resoluci\u00f3n en Naciones Unidas que reclam\u00f3 una pausa humanitaria en Gaza, difundi\u00f3 Prensa Latina.<\/strong><\/span><\/p>\n<\/blockquote>\n<p style=\"text-align: justify;\"><span style=\"color: #800000;\"><strong>Montevideo, 01 mar (SANA)<\/strong> <\/span>Marchas en solidaridad con el pueblo palestino recorrieron el centro de Montevideo y de otras ciudades uruguayas, convocadas por organizaciones sindicales, sociales, ciudadanos y partidos pol\u00edticos.<\/p>\n<p style=\"text-align: justify;\">La manifestaci\u00f3n inici\u00f3 en la explanada de la Intendencia de Montevideo en direcci\u00f3n a la Torre Ejecutiva, sede de la Presidencia de la Rep\u00fablica.<\/p>\n<p style=\"text-align: justify;\">Resulta una expresi\u00f3n ante el \u00abintolerable acto de genocidio continuado que el Estado de Israel comete hoy\u00bb, dice la convocatoria de la marcha, que se repite en varias capitales departamentales del pa\u00eds.<\/p>\n<p style=\"text-align: justify;\">En las movilizaciones no faltan cr\u00edticas al gobierno del presidente Luis Lacalle Pou por su abstenci\u00f3n a fines de octubre \u00faltimo sobre una resoluci\u00f3n en Naciones Unidas que reclam\u00f3 una pausa humanitaria en Gaza.<\/p>\n<p style=\"text-align: justify;\"><em><strong>fm\/ah<\/strong><\/em><\/p>\n","protected":false},"excerpt":{"rendered":"<p>En las movilizaciones no faltan cr\u00edticas al gobierno del presidente Luis Lacalle Pou por su abstenci\u00f3n a fines de octubre \u00faltimo sobre una resoluci\u00f3n en Naciones Unidas que reclam\u00f3 una pausa humanitaria en Gaza, difundi\u00f3 Prensa Latina. Montevideo, 01 mar (SANA) Marchas en solidaridad con el pueblo palestino recorrieron el centro de Montevideo y de &hellip;<\/p>\n","protected":false},"author":30,"featured_media":323536,"comment_status":"closed","ping_status":"closed","sticky":false,"template":"","format":"standard","meta":{"footnotes":""},"categories":[597,456,20724,7541],"tags":[],"class_list":["post-323535","post","type-post","status-publish","format-standard","has-post-thumbnail","","category-cinta-de-noticias","category-arabe-internacional-politica","category-minuto-a-minuto","category-ultimas-noticias"],"_links":{"self":[{"href":"https:\/\/archive.sana.sy\/es\/index.php?rest_route=\/wp\/v2\/posts\/323535"}],"collection":[{"href":"https:\/\/archive.sana.sy\/es\/index.php?rest_route=\/wp\/v2\/posts"}],"about":[{"href":"https:\/\/archive.sana.sy\/es\/index.php?rest_route=\/wp\/v2\/types\/post"}],"author":[{"embeddable":true,"href":"https:\/\/archive.sana.sy\/es\/index.php?rest_route=\/wp\/v2\/users\/30"}],"replies":[{"embeddable":true,"href":"https:\/\/archive.sana.sy\/es\/index.php?rest_route=%2Fwp%2Fv2%2Fcomments&post=323535"}],"version-history":[{"count":1,"href":"https:\/\/archive.sana.sy\/es\/index.php?rest_route=\/wp\/v2\/posts\/323535\/revisions"}],"predecessor-version":[{"id":323537,"href":"https:\/\/archive.sana.sy\/es\/index.php?rest_route=\/wp\/v2\/posts\/323535\/revisions\/323537"}],"wp:featuredmedia":[{"embeddable":true,"href":"https:\/\/archive.sana.sy\/es\/index.php?rest_route=\/wp\/v2\/media\/323536"}],"wp:attachment":[{"href":"https:\/\/archive.sana.sy\/es\/index.php?rest_route=%2Fwp%2Fv2%2Fmedia&parent=323535"}],"wp:term":[{"taxonomy":"category","embeddable":true,"href":"https:\/\/archive.sana.sy\/es\/index.php?rest_route=%2Fwp%2Fv2%2Fcategories&post=323535"},{"taxonomy":"post_tag","embeddable":true,"href":"https:\/\/archive.sana.sy\/es\/index.php?rest_route=%2Fwp%2Fv2%2Ftags&post=323535"}],"curies":[{"name":"wp","href":"https:\/\/api.w.org\/{rel}","templated":true}]}}