{"id":323560,"date":"2024-03-01T12:46:22","date_gmt":"2024-03-01T09:46:22","guid":{"rendered":"https:\/\/sana.sy\/es\/?p=323560"},"modified":"2024-03-01T12:46:22","modified_gmt":"2024-03-01T09:46:22","slug":"condenas-arabes-e-internacionales-por-crimen-de-israel-en-gaza","status":"publish","type":"post","link":"https:\/\/archive.sana.sy\/es\/?p=323560","title":{"rendered":"Condenas \u00e1rabes e internacionales por crimen de \u201cIsrael\u201d en Gaza"},"content":{"rendered":"<p style=\"text-align: justify;\"><span style=\"color: #800000;\"><strong>Capitales, 1 mar (SANA)<\/strong><\/span> Emiratos \u00c1rabes Unidos conden\u00f3 en\u00e9rgicamente el ataque de las fuerzas de ocupaci\u00f3n israel\u00edes contra una concentraci\u00f3n de miles de civiles palestinos en el norte de la Franja de Gaza que esperaban la entrega de ayuda humanitaria y de socorro, lo que result\u00f3 en cientos de muertos y heridos.<\/p>\n<p style=\"text-align: justify;\">&#8220;Los Emiratos \u00c1rabes Unidos exigen una investigaci\u00f3n y un castigo independientes y transparentes de los responsables&#8221;, dijo la Canciller\u00eda emirat\u00ed en un comunicado.<\/p>\n<p style=\"text-align: justify;\">Asimismo, expres\u00f3 \u00a0su grave preocupaci\u00f3n por el empeoramiento de la crisis humanitaria en la Franja de Gaza, que amenaza con causar m\u00e1s p\u00e9rdidas de vidas entre civiles inocentes, y subray\u00f3 que &#8220;la prioridad urgente es poner fin a la escalada militar y el alto el fuego inmediato&#8221;.<\/p>\n<p style=\"text-align: justify;\">Tambi\u00e9n reiter\u00f3 la posici\u00f3n de EAU de la importancia de brindar protecci\u00f3n a los civiles y garantizar el acceso urgente, sostenible y sin obst\u00e1culos de la ayuda humanitaria y de socorro a la Franja de Gaza,<\/p>\n<p style=\"text-align: justify;\">Concluy\u00f3 instando a la comunidad internacional que &#8220;fortalezca todos los esfuerzos para lograr una paz integral y justa basada en la soluci\u00f3n de dos Estados y el establecimiento de un Estado palestino independiente con Jerusal\u00e9n como capital&#8221;.<\/p>\n<p style=\"text-align: justify;\">En una declaraci\u00f3n similar, Arabia Saudita conden\u00f3 en\u00e9rgicamente el ataque de las fuerzas de ocupaci\u00f3n israel\u00edes contra civiles desarmados en el norte de la Franja de Gaza.<\/p>\n<p style=\"text-align: justify;\">Riad inst\u00f3 a la comunidad internacional que tome una postura firme, obligando a \u201cIsrael\u201d a respetar el derecho internacional humanitario, abrir de inmediato corredores humanitarios seguros y permitir la entrega sin restricciones de ayuda y equipamiento m\u00e9dico, adem\u00e1s de la necesidad de lograr un cese inmediato del fuego.<\/p>\n<p style=\"text-align: justify;\">Por su parte, el Alto Representante de la Uni\u00f3n Europea para Asuntos Exteriores y Pol\u00edtica de Seguridad, Josep Borrell, conden\u00f3 la masacre perpetrada por \u201cIsrael\u201d en la Plaza Nablusi de Gaza, calific\u00e1ndola como &#8220;aterradora&#8221;.<\/p>\n<p style=\"text-align: justify;\">Destac\u00f3 que la p\u00e9rdida de vidas civiles y la privaci\u00f3n de alimentos constituyen una violaci\u00f3n grave del derecho internacional humanitario.<\/p>\n<p style=\"text-align: justify;\">Asimismo, el Ministro de Asuntos Exteriores de Espa\u00f1a, Jos\u00e9 Manuel Albares, tambi\u00e9n repudi\u00f3 el crimen del ocupante israel\u00ed y se\u00f1al\u00f3 la necesidad urgente de un alto al fuego,<\/p>\n<p style=\"text-align: justify;\">Albares calific\u00f3 de inaceptables los eventos en Gaza, donde docenas de palestinos mueren mientras esperan por alimentos.<\/p>\n<p style=\"text-align: justify;\">Por su parte, la Ministra de Relaciones Exteriores de Canad\u00e1, Melanie Joly, calific\u00f3 el ataque israel\u00ed como una &#8220;pesadilla&#8221; y solicit\u00f3 garantizar la protecci\u00f3n de los residentes de Gaza.<\/p>\n<p style=\"text-align: justify;\">Mientras el Ministerio de Asuntos Exteriores de Francia emiti\u00f3 un comunicado condenando el disparo de las tropas israel\u00edes contra civiles palestinos en el norte de Gaza, calific\u00e1ndolo como &#8220;injustificado&#8221; y destac\u00f3 la tragedia en un momento en que la situaci\u00f3n humanitaria en Gaza es de emergencia absoluta.<\/p>\n<p style=\"text-align: justify;\"><em><strong>ah<\/strong><\/em><\/p>\n","protected":false},"excerpt":{"rendered":"<p>Capitales, 1 mar (SANA) Emiratos \u00c1rabes Unidos conden\u00f3 en\u00e9rgicamente el ataque de las fuerzas de ocupaci\u00f3n israel\u00edes contra una concentraci\u00f3n de miles de civiles palestinos en el norte de la Franja de Gaza que esperaban la entrega de ayuda humanitaria y de socorro, lo que result\u00f3 en cientos de muertos y heridos. &#8220;Los Emiratos \u00c1rabes &hellip;<\/p>\n","protected":false},"author":30,"featured_media":323561,"comment_status":"closed","ping_status":"closed","sticky":false,"template":"","format":"standard","meta":{"footnotes":""},"categories":[597,456,20724,583],"tags":[],"class_list":["post-323560","post","type-post","status-publish","format-standard","has-post-thumbnail","","category-cinta-de-noticias","category-arabe-internacional-politica","category-minuto-a-minuto","category-slide"],"_links":{"self":[{"href":"https:\/\/archive.sana.sy\/es\/index.php?rest_route=\/wp\/v2\/posts\/323560"}],"collection":[{"href":"https:\/\/archive.sana.sy\/es\/index.php?rest_route=\/wp\/v2\/posts"}],"about":[{"href":"https:\/\/archive.sana.sy\/es\/index.php?rest_route=\/wp\/v2\/types\/post"}],"author":[{"embeddable":true,"href":"https:\/\/archive.sana.sy\/es\/index.php?rest_route=\/wp\/v2\/users\/30"}],"replies":[{"embeddable":true,"href":"https:\/\/archive.sana.sy\/es\/index.php?rest_route=%2Fwp%2Fv2%2Fcomments&post=323560"}],"version-history":[{"count":1,"href":"https:\/\/archive.sana.sy\/es\/index.php?rest_route=\/wp\/v2\/posts\/323560\/revisions"}],"predecessor-version":[{"id":323562,"href":"https:\/\/archive.sana.sy\/es\/index.php?rest_route=\/wp\/v2\/posts\/323560\/revisions\/323562"}],"wp:featuredmedia":[{"embeddable":true,"href":"https:\/\/archive.sana.sy\/es\/index.php?rest_route=\/wp\/v2\/media\/323561"}],"wp:attachment":[{"href":"https:\/\/archive.sana.sy\/es\/index.php?rest_route=%2Fwp%2Fv2%2Fmedia&parent=323560"}],"wp:term":[{"taxonomy":"category","embeddable":true,"href":"https:\/\/archive.sana.sy\/es\/index.php?rest_route=%2Fwp%2Fv2%2Fcategories&post=323560"},{"taxonomy":"post_tag","embeddable":true,"href":"https:\/\/archive.sana.sy\/es\/index.php?rest_route=%2Fwp%2Fv2%2Ftags&post=323560"}],"curies":[{"name":"wp","href":"https:\/\/api.w.org\/{rel}","templated":true}]}}