{"id":323618,"date":"2024-03-01T17:20:58","date_gmt":"2024-03-01T14:20:58","guid":{"rendered":"https:\/\/sana.sy\/es\/?p=323618"},"modified":"2024-03-01T17:21:15","modified_gmt":"2024-03-01T14:21:15","slug":"israel-asesina-a-30-228-palestinos-en-la-franja-de-gaza-en-147-dias","status":"publish","type":"post","link":"https:\/\/archive.sana.sy\/es\/?p=323618","title":{"rendered":"\u201cIsrael\u201d asesina a 30.228 palestinos en la Franja de Gaza en 147 d\u00edas"},"content":{"rendered":"<p style=\"text-align: justify;\"><strong><span style=\"color: #800000;\">Jerusal\u00e9n ocupada, 01 mar (SANA)<\/span>\u00a0 <\/strong>El Ministerio palestino de Salud anunci\u00f3 que, durante las \u00faltimas 24 horas, el ocupante israel\u00ed cometi\u00f3 16 masacres contra la Franja de Gaza, dejando 193 muertos y 920 heridos.<\/p>\n<p style=\"text-align: justify;\">El Ministerio explic\u00f3 hoy en un comunicado que \u201cIsrael\u201d continu\u00f3 su agresi\u00f3n por d\u00eda 147 contra varias \u00e1reas de la Franja de Gaza en diversas formas, incluidas ejecuciones sobre el terreno, masacres, genocidio y aniquilaci\u00f3n de barrios residenciales.<\/p>\n<p style=\"text-align: justify;\">Detall\u00f3 que el n\u00famero de v\u00edctimas de la agresi\u00f3n en curso desde el 7 de octubre pasado asciende a 30.228 muertos y 71.377 heridos, y destac\u00f3 que varias v\u00edctimas siguen estando bajo los escombros y en las carreteras, ya que la ocupaci\u00f3n impide que las ambulancias y los equipos de rescate lleguen hasta ellas.<\/p>\n<p style=\"text-align: justify;\">sm<\/p>\n","protected":false},"excerpt":{"rendered":"<p>Jerusal\u00e9n ocupada, 01 mar (SANA)\u00a0 El Ministerio palestino de Salud anunci\u00f3 que, durante las \u00faltimas 24 horas, el ocupante israel\u00ed cometi\u00f3 16 masacres contra la Franja de Gaza, dejando 193 muertos y 920 heridos. El Ministerio explic\u00f3 hoy en un comunicado que \u201cIsrael\u201d continu\u00f3 su agresi\u00f3n por d\u00eda 147 contra varias \u00e1reas de la Franja &hellip;<\/p>\n","protected":false},"author":39,"featured_media":323619,"comment_status":"closed","ping_status":"closed","sticky":false,"template":"","format":"standard","meta":{"footnotes":""},"categories":[597,456,16687,20724,583],"tags":[],"class_list":["post-323618","post","type-post","status-publish","format-standard","has-post-thumbnail","","category-cinta-de-noticias","category-arabe-internacional-politica","category-internacionales","category-minuto-a-minuto","category-slide"],"_links":{"self":[{"href":"https:\/\/archive.sana.sy\/es\/index.php?rest_route=\/wp\/v2\/posts\/323618"}],"collection":[{"href":"https:\/\/archive.sana.sy\/es\/index.php?rest_route=\/wp\/v2\/posts"}],"about":[{"href":"https:\/\/archive.sana.sy\/es\/index.php?rest_route=\/wp\/v2\/types\/post"}],"author":[{"embeddable":true,"href":"https:\/\/archive.sana.sy\/es\/index.php?rest_route=\/wp\/v2\/users\/39"}],"replies":[{"embeddable":true,"href":"https:\/\/archive.sana.sy\/es\/index.php?rest_route=%2Fwp%2Fv2%2Fcomments&post=323618"}],"version-history":[{"count":1,"href":"https:\/\/archive.sana.sy\/es\/index.php?rest_route=\/wp\/v2\/posts\/323618\/revisions"}],"predecessor-version":[{"id":323620,"href":"https:\/\/archive.sana.sy\/es\/index.php?rest_route=\/wp\/v2\/posts\/323618\/revisions\/323620"}],"wp:featuredmedia":[{"embeddable":true,"href":"https:\/\/archive.sana.sy\/es\/index.php?rest_route=\/wp\/v2\/media\/323619"}],"wp:attachment":[{"href":"https:\/\/archive.sana.sy\/es\/index.php?rest_route=%2Fwp%2Fv2%2Fmedia&parent=323618"}],"wp:term":[{"taxonomy":"category","embeddable":true,"href":"https:\/\/archive.sana.sy\/es\/index.php?rest_route=%2Fwp%2Fv2%2Fcategories&post=323618"},{"taxonomy":"post_tag","embeddable":true,"href":"https:\/\/archive.sana.sy\/es\/index.php?rest_route=%2Fwp%2Fv2%2Ftags&post=323618"}],"curies":[{"name":"wp","href":"https:\/\/api.w.org\/{rel}","templated":true}]}}