{"id":323640,"date":"2024-03-02T11:29:32","date_gmt":"2024-03-02T08:29:32","guid":{"rendered":"https:\/\/sana.sy\/es\/?p=323640"},"modified":"2024-03-02T11:29:32","modified_gmt":"2024-03-02T08:29:32","slug":"ejercito-ruso-captura-soldados-ucranianos-y-controla-sus-posiciones-en-zaporozhie","status":"publish","type":"post","link":"https:\/\/archive.sana.sy\/es\/?p=323640","title":{"rendered":"Ej\u00e9rcito ruso captura soldados ucranianos y controla sus posiciones en Zaporozhie"},"content":{"rendered":"<p style=\"text-align: justify;\"><span style=\"color: #800000;\"><strong>Mosc\u00fa, 2 mar (SANA)<\/strong><\/span> El Ministerio de Defensa ruso anunci\u00f3 este s\u00e1bado la captura de varios militares ucranianos despu\u00e9s de controlar sus posiciones por las fuerzas rusas cerca de Verbovoy en Zaporozhie.<\/p>\n<p style=\"text-align: justify;\">Seg\u00fan la agencia Sputnik, el ente castrense \u00a0declar\u00f3 que durante uno de los combates cerca de Verbovoy, grupos de asalto de paracaidistas de Kuban y Sebastopol se acercaron a las posiciones militares ucranianas y lanzaron granadas de mano a los escondites donde se refugiaban los combatientes ucranianos.<\/p>\n<p style=\"text-align: justify;\">\u201cEl ataque result\u00f3 en la captura de varios soldados ucranianos y la neutralizaci\u00f3n de otros\u201d, detall\u00f3 el Ministerio de Defensa en su comunicado<\/p>\n<p style=\"text-align: justify;\">Las fuerzas rusas destruyeron cinco estaciones de guerra electr\u00f3nica de las Fuerzas Armadas ucranianas del modelo &#8220;Bukovel-Ad&#8221;, seg\u00fan difundi\u00f3 este viernes el ente castrense.<\/p>\n<p style=\"text-align: justify;\"><em><strong>ah<\/strong><\/em><\/p>\n","protected":false},"excerpt":{"rendered":"<p>Mosc\u00fa, 2 mar (SANA) El Ministerio de Defensa ruso anunci\u00f3 este s\u00e1bado la captura de varios militares ucranianos despu\u00e9s de controlar sus posiciones por las fuerzas rusas cerca de Verbovoy en Zaporozhie. Seg\u00fan la agencia Sputnik, el ente castrense \u00a0declar\u00f3 que durante uno de los combates cerca de Verbovoy, grupos de asalto de paracaidistas de &hellip;<\/p>\n","protected":false},"author":30,"featured_media":323641,"comment_status":"closed","ping_status":"closed","sticky":false,"template":"","format":"standard","meta":{"footnotes":""},"categories":[597,456,20724,7541],"tags":[],"class_list":["post-323640","post","type-post","status-publish","format-standard","has-post-thumbnail","","category-cinta-de-noticias","category-arabe-internacional-politica","category-minuto-a-minuto","category-ultimas-noticias"],"_links":{"self":[{"href":"https:\/\/archive.sana.sy\/es\/index.php?rest_route=\/wp\/v2\/posts\/323640"}],"collection":[{"href":"https:\/\/archive.sana.sy\/es\/index.php?rest_route=\/wp\/v2\/posts"}],"about":[{"href":"https:\/\/archive.sana.sy\/es\/index.php?rest_route=\/wp\/v2\/types\/post"}],"author":[{"embeddable":true,"href":"https:\/\/archive.sana.sy\/es\/index.php?rest_route=\/wp\/v2\/users\/30"}],"replies":[{"embeddable":true,"href":"https:\/\/archive.sana.sy\/es\/index.php?rest_route=%2Fwp%2Fv2%2Fcomments&post=323640"}],"version-history":[{"count":1,"href":"https:\/\/archive.sana.sy\/es\/index.php?rest_route=\/wp\/v2\/posts\/323640\/revisions"}],"predecessor-version":[{"id":323642,"href":"https:\/\/archive.sana.sy\/es\/index.php?rest_route=\/wp\/v2\/posts\/323640\/revisions\/323642"}],"wp:featuredmedia":[{"embeddable":true,"href":"https:\/\/archive.sana.sy\/es\/index.php?rest_route=\/wp\/v2\/media\/323641"}],"wp:attachment":[{"href":"https:\/\/archive.sana.sy\/es\/index.php?rest_route=%2Fwp%2Fv2%2Fmedia&parent=323640"}],"wp:term":[{"taxonomy":"category","embeddable":true,"href":"https:\/\/archive.sana.sy\/es\/index.php?rest_route=%2Fwp%2Fv2%2Fcategories&post=323640"},{"taxonomy":"post_tag","embeddable":true,"href":"https:\/\/archive.sana.sy\/es\/index.php?rest_route=%2Fwp%2Fv2%2Ftags&post=323640"}],"curies":[{"name":"wp","href":"https:\/\/api.w.org\/{rel}","templated":true}]}}