{"id":323674,"date":"2024-03-02T18:58:43","date_gmt":"2024-03-02T15:58:43","guid":{"rendered":"https:\/\/sana.sy\/es\/?p=323674"},"modified":"2024-03-02T19:08:30","modified_gmt":"2024-03-02T16:08:30","slug":"turistas-europeos-visitan-historica-ciudad-de-bousra-al-sham","status":"publish","type":"post","link":"https:\/\/archive.sana.sy\/es\/?p=323674","title":{"rendered":"Turistas europeos visitan hist\u00f3rica ciudad de Bousra Al-Sham (+fotos)"},"content":{"rendered":"<blockquote>\n<p style=\"text-align: justify;\"><span style=\"color: #993300;\">Richard Rick, un viajero austr\u00edaco, expres\u00f3 su alegr\u00eda por esta visita y dijo que sus giras por el mundo no equivalen subirse al escenario de Bousra o recorrer la antigua ciudad.<\/span><\/p>\n<\/blockquote>\n<p style=\"text-align: justify;\"><span style=\"color: #800000;\"><strong>Deraa, 2 mar (SANA)\u00a0<\/strong><\/span> Un grupo de turistas de diferentes pa\u00edses europeos visit\u00f3 la antigua ciudad de Bousra Al-Sham en la provincia sure\u00f1a siria de Deraa, donde vieron sus atractivos arqueol\u00f3gicos y tur\u00edsticos, y expresaron su admiraci\u00f3n por su estructura urbana, que se remonta a miles de a\u00f1os.<\/p>\n<p style=\"text-align: justify;\">Anthony Bear, turista brit\u00e1nico, dijo a SANA que la belleza de los monumentos de Bousra radica en el dominio superior del dise\u00f1o arquitect\u00f3nico que se basa en leyes que se aplican en la construcci\u00f3n de enormes y gigantescas instalaciones en nuestros d\u00edas.<\/p>\n<p style=\"text-align: justify;\">Mientras que el programador irland\u00e9s Dominic consider\u00f3 que visitar Bousra requiere de un largo per\u00edodo de tiempo para que una persona pueda ver la belleza de la edificaci\u00f3n y la mezcla de las civilizaciones.<\/p>\n<p style=\"text-align: justify;\">Richard Rick, un viajero austr\u00edaco, expres\u00f3 su alegr\u00eda por esta visita y dijo que sus giras por el mundo no equivalen subirse al escenario de Bousra o recorrer la antigua ciudad.<\/p>\n<p style=\"text-align: justify;\">El dise\u00f1ador de moda franc\u00e9s Jacques Devon dijo que \u201cla belleza del castillo y su teatro me impresionaron por dise\u00f1os \u00fanicos\u201d.<\/p>\n<div id='gallery-1' class='gallery galleryid-323674 gallery-columns-1 gallery-size-full'><figure class='gallery-item'>\n\t\t\t<div class='gallery-icon portrait'>\n\t\t\t\t<a href='https:\/\/archive.sana.sy\/es\/wp-content\/uploads\/2024\/03\/photo_2024-03-02_16-54-17-scaled.jpg'><img loading=\"lazy\" decoding=\"async\" width=\"2061\" height=\"2560\" src=\"https:\/\/archive.sana.sy\/es\/wp-content\/uploads\/2024\/03\/photo_2024-03-02_16-54-17-scaled.jpg\" class=\"attachment-full size-full\" alt=\"\" srcset=\"https:\/\/archive.sana.sy\/es\/wp-content\/uploads\/2024\/03\/photo_2024-03-02_16-54-17-scaled.jpg 2061w, https:\/\/archive.sana.sy\/es\/wp-content\/uploads\/2024\/03\/photo_2024-03-02_16-54-17-241x300.jpg 241w, https:\/\/archive.sana.sy\/es\/wp-content\/uploads\/2024\/03\/photo_2024-03-02_16-54-17-824x1024.jpg 824w, https:\/\/archive.sana.sy\/es\/wp-content\/uploads\/2024\/03\/photo_2024-03-02_16-54-17-121x150.jpg 121w, https:\/\/archive.sana.sy\/es\/wp-content\/uploads\/2024\/03\/photo_2024-03-02_16-54-17-768x954.jpg 768w, https:\/\/archive.sana.sy\/es\/wp-content\/uploads\/2024\/03\/photo_2024-03-02_16-54-17-1236x1536.jpg 1236w, https:\/\/archive.sana.sy\/es\/wp-content\/uploads\/2024\/03\/photo_2024-03-02_16-54-17-1649x2048.jpg 1649w\" sizes=\"(max-width: 2061px) 100vw, 2061px\" \/><\/a>\n\t\t\t<\/div><\/figure><figure class='gallery-item'>\n\t\t\t<div class='gallery-icon landscape'>\n\t\t\t\t<a href='https:\/\/archive.sana.sy\/es\/wp-content\/uploads\/2024\/03\/photo_2024-03-02_16-54-29-scaled.jpg'><img loading=\"lazy\" decoding=\"async\" width=\"2560\" height=\"1805\" src=\"https:\/\/archive.sana.sy\/es\/wp-content\/uploads\/2024\/03\/photo_2024-03-02_16-54-29-scaled.jpg\" class=\"attachment-full size-full\" alt=\"\" srcset=\"https:\/\/archive.sana.sy\/es\/wp-content\/uploads\/2024\/03\/photo_2024-03-02_16-54-29-scaled.jpg 2560w, https:\/\/archive.sana.sy\/es\/wp-content\/uploads\/2024\/03\/photo_2024-03-02_16-54-29-300x212.jpg 300w, https:\/\/archive.sana.sy\/es\/wp-content\/uploads\/2024\/03\/photo_2024-03-02_16-54-29-1024x722.jpg 1024w, https:\/\/archive.sana.sy\/es\/wp-content\/uploads\/2024\/03\/photo_2024-03-02_16-54-29-150x106.jpg 150w, https:\/\/archive.sana.sy\/es\/wp-content\/uploads\/2024\/03\/photo_2024-03-02_16-54-29-768x541.jpg 768w, https:\/\/archive.sana.sy\/es\/wp-content\/uploads\/2024\/03\/photo_2024-03-02_16-54-29-1536x1083.jpg 1536w, https:\/\/archive.sana.sy\/es\/wp-content\/uploads\/2024\/03\/photo_2024-03-02_16-54-29-2048x1444.jpg 2048w\" sizes=\"(max-width: 2560px) 100vw, 2560px\" \/><\/a>\n\t\t\t<\/div><\/figure><figure class='gallery-item'>\n\t\t\t<div class='gallery-icon portrait'>\n\t\t\t\t<a href='https:\/\/archive.sana.sy\/es\/wp-content\/uploads\/2024\/03\/photo_2024-03-02_16-54-32-scaled.jpg'><img loading=\"lazy\" decoding=\"async\" width=\"1949\" height=\"2560\" src=\"https:\/\/archive.sana.sy\/es\/wp-content\/uploads\/2024\/03\/photo_2024-03-02_16-54-32-scaled.jpg\" class=\"attachment-full size-full\" alt=\"\" srcset=\"https:\/\/archive.sana.sy\/es\/wp-content\/uploads\/2024\/03\/photo_2024-03-02_16-54-32-scaled.jpg 1949w, https:\/\/archive.sana.sy\/es\/wp-content\/uploads\/2024\/03\/photo_2024-03-02_16-54-32-228x300.jpg 228w, https:\/\/archive.sana.sy\/es\/wp-content\/uploads\/2024\/03\/photo_2024-03-02_16-54-32-780x1024.jpg 780w, https:\/\/archive.sana.sy\/es\/wp-content\/uploads\/2024\/03\/photo_2024-03-02_16-54-32-114x150.jpg 114w, https:\/\/archive.sana.sy\/es\/wp-content\/uploads\/2024\/03\/photo_2024-03-02_16-54-32-768x1009.jpg 768w, https:\/\/archive.sana.sy\/es\/wp-content\/uploads\/2024\/03\/photo_2024-03-02_16-54-32-1170x1536.jpg 1170w, https:\/\/archive.sana.sy\/es\/wp-content\/uploads\/2024\/03\/photo_2024-03-02_16-54-32-1560x2048.jpg 1560w\" sizes=\"(max-width: 1949px) 100vw, 1949px\" \/><\/a>\n\t\t\t<\/div><\/figure><figure class='gallery-item'>\n\t\t\t<div class='gallery-icon landscape'>\n\t\t\t\t<a href='https:\/\/archive.sana.sy\/es\/wp-content\/uploads\/2024\/03\/photo_2024-03-02_16-54-40-scaled.jpg'><img loading=\"lazy\" decoding=\"async\" width=\"2560\" height=\"1682\" src=\"https:\/\/archive.sana.sy\/es\/wp-content\/uploads\/2024\/03\/photo_2024-03-02_16-54-40-scaled.jpg\" class=\"attachment-full size-full\" alt=\"\" srcset=\"https:\/\/archive.sana.sy\/es\/wp-content\/uploads\/2024\/03\/photo_2024-03-02_16-54-40-scaled.jpg 2560w, https:\/\/archive.sana.sy\/es\/wp-content\/uploads\/2024\/03\/photo_2024-03-02_16-54-40-300x197.jpg 300w, https:\/\/archive.sana.sy\/es\/wp-content\/uploads\/2024\/03\/photo_2024-03-02_16-54-40-1024x673.jpg 1024w, https:\/\/archive.sana.sy\/es\/wp-content\/uploads\/2024\/03\/photo_2024-03-02_16-54-40-150x99.jpg 150w, https:\/\/archive.sana.sy\/es\/wp-content\/uploads\/2024\/03\/photo_2024-03-02_16-54-40-768x505.jpg 768w, https:\/\/archive.sana.sy\/es\/wp-content\/uploads\/2024\/03\/photo_2024-03-02_16-54-40-1536x1009.jpg 1536w, https:\/\/archive.sana.sy\/es\/wp-content\/uploads\/2024\/03\/photo_2024-03-02_16-54-40-2048x1346.jpg 2048w, https:\/\/archive.sana.sy\/es\/wp-content\/uploads\/2024\/03\/photo_2024-03-02_16-54-40-310x205.jpg 310w\" sizes=\"(max-width: 2560px) 100vw, 2560px\" \/><\/a>\n\t\t\t<\/div><\/figure>\n\t\t<\/div>\n\n<p style=\"text-align: justify;\">fm\/rr<\/p>\n","protected":false},"excerpt":{"rendered":"<p>Richard Rick, un viajero austr\u00edaco, expres\u00f3 su alegr\u00eda por esta visita y dijo que sus giras por el mundo no equivalen subirse al escenario de Bousra o recorrer la antigua ciudad. Deraa, 2 mar (SANA)\u00a0 Un grupo de turistas de diferentes pa\u00edses europeos visit\u00f3 la antigua ciudad de Bousra Al-Sham en la provincia sure\u00f1a siria &hellip;<\/p>\n","protected":false},"author":31,"featured_media":323681,"comment_status":"closed","ping_status":"closed","sticky":false,"template":"","format":"standard","meta":{"footnotes":""},"categories":[597,476,7541],"tags":[17398,6553,20064],"class_list":["post-323674","post","type-post","status-publish","format-standard","has-post-thumbnail","","category-cinta-de-noticias","category-locales","category-ultimas-noticias","tag-deraa","tag-siria","tag-turismo"],"_links":{"self":[{"href":"https:\/\/archive.sana.sy\/es\/index.php?rest_route=\/wp\/v2\/posts\/323674"}],"collection":[{"href":"https:\/\/archive.sana.sy\/es\/index.php?rest_route=\/wp\/v2\/posts"}],"about":[{"href":"https:\/\/archive.sana.sy\/es\/index.php?rest_route=\/wp\/v2\/types\/post"}],"author":[{"embeddable":true,"href":"https:\/\/archive.sana.sy\/es\/index.php?rest_route=\/wp\/v2\/users\/31"}],"replies":[{"embeddable":true,"href":"https:\/\/archive.sana.sy\/es\/index.php?rest_route=%2Fwp%2Fv2%2Fcomments&post=323674"}],"version-history":[{"count":5,"href":"https:\/\/archive.sana.sy\/es\/index.php?rest_route=\/wp\/v2\/posts\/323674\/revisions"}],"predecessor-version":[{"id":323687,"href":"https:\/\/archive.sana.sy\/es\/index.php?rest_route=\/wp\/v2\/posts\/323674\/revisions\/323687"}],"wp:featuredmedia":[{"embeddable":true,"href":"https:\/\/archive.sana.sy\/es\/index.php?rest_route=\/wp\/v2\/media\/323681"}],"wp:attachment":[{"href":"https:\/\/archive.sana.sy\/es\/index.php?rest_route=%2Fwp%2Fv2%2Fmedia&parent=323674"}],"wp:term":[{"taxonomy":"category","embeddable":true,"href":"https:\/\/archive.sana.sy\/es\/index.php?rest_route=%2Fwp%2Fv2%2Fcategories&post=323674"},{"taxonomy":"post_tag","embeddable":true,"href":"https:\/\/archive.sana.sy\/es\/index.php?rest_route=%2Fwp%2Fv2%2Ftags&post=323674"}],"curies":[{"name":"wp","href":"https:\/\/api.w.org\/{rel}","templated":true}]}}