{"id":323697,"date":"2024-03-02T20:29:29","date_gmt":"2024-03-02T17:29:29","guid":{"rendered":"https:\/\/sana.sy\/es\/?p=323697"},"modified":"2024-03-02T20:30:02","modified_gmt":"2024-03-02T17:30:02","slug":"inicia-festival-internacional-de-juventud-en-rusia","status":"publish","type":"post","link":"https:\/\/archive.sana.sy\/es\/?p=323697","title":{"rendered":"Inicia el Festival Internacional de Juventud en Rusia"},"content":{"rendered":"<p style=\"text-align: justify;\"><span style=\"color: #800000;\"><strong>Mosc\u00fa, 02 mar (SANA)<\/strong><\/span>\u00a0\u00a0 Las actividades del Festival Mundial de la Juventud comenzaron hoy en el Distrito Federal Ruso de Sirius.<\/p>\n<p style=\"text-align: justify;\">Una delegaci\u00f3n de j\u00f3venes sirios lleg\u00f3 a la ciudad rusa de Sochi para participar en el evento, que se celebra del primero al siete de marzo e incluye actividades educativas, culturales, cient\u00edficas y deportivas.<\/p>\n<p style=\"text-align: justify;\">&#8220;Si hacemos una promesa, siempre la cumpliremos. Creemos en la juventud y estamos trabajando para construir Rusia como un pa\u00eds de oportunidades para los j\u00f3venes \u201d, dijo el presidente ruso, Vladimir Putin, en un mensaje a los participantes en el Festival.<\/p>\n<p style=\"text-align: justify;\">En este Festival participan 20 mil j\u00f3venes de 188 pa\u00edses. Durante siete d\u00edas, se celebrar\u00e1n 800 eventos con la participaci\u00f3n de 1500 activistas, 500 atletas, 2500 artistas pl\u00e1sticas, dise\u00f1adores y artesanos, y 3000 artistas de cine y teatro.<\/p>\n<div id='gallery-1' class='gallery galleryid-323697 gallery-columns-1 gallery-size-full'><figure class='gallery-item'>\n\t\t\t<div class='gallery-icon landscape'>\n\t\t\t\t<a href='https:\/\/archive.sana.sy\/es\/wp-content\/uploads\/2024\/03\/photo_2024-03-02_20-10-53.jpg'><img loading=\"lazy\" decoding=\"async\" width=\"1280\" height=\"774\" src=\"https:\/\/archive.sana.sy\/es\/wp-content\/uploads\/2024\/03\/photo_2024-03-02_20-10-53.jpg\" class=\"attachment-full size-full\" alt=\"\" srcset=\"https:\/\/archive.sana.sy\/es\/wp-content\/uploads\/2024\/03\/photo_2024-03-02_20-10-53.jpg 1280w, https:\/\/archive.sana.sy\/es\/wp-content\/uploads\/2024\/03\/photo_2024-03-02_20-10-53-300x181.jpg 300w, https:\/\/archive.sana.sy\/es\/wp-content\/uploads\/2024\/03\/photo_2024-03-02_20-10-53-1024x619.jpg 1024w, https:\/\/archive.sana.sy\/es\/wp-content\/uploads\/2024\/03\/photo_2024-03-02_20-10-53-150x91.jpg 150w, https:\/\/archive.sana.sy\/es\/wp-content\/uploads\/2024\/03\/photo_2024-03-02_20-10-53-768x464.jpg 768w\" sizes=\"(max-width: 1280px) 100vw, 1280px\" \/><\/a>\n\t\t\t<\/div><\/figure>\n\t\t<\/div>\n\n<p style=\"text-align: justify;\">rr\/fm<\/p>\n","protected":false},"excerpt":{"rendered":"<p>Mosc\u00fa, 02 mar (SANA)\u00a0\u00a0 Las actividades del Festival Mundial de la Juventud comenzaron hoy en el Distrito Federal Ruso de Sirius. Una delegaci\u00f3n de j\u00f3venes sirios lleg\u00f3 a la ciudad rusa de Sochi para participar en el evento, que se celebra del primero al siete de marzo e incluye actividades educativas, culturales, cient\u00edficas y deportivas. &hellip;<\/p>\n","protected":false},"author":31,"featured_media":323698,"comment_status":"closed","ping_status":"closed","sticky":false,"template":"","format":"standard","meta":{"footnotes":""},"categories":[597,467,7541],"tags":[19757,6695,6553],"class_list":["post-323697","post","type-post","status-publish","format-standard","has-post-thumbnail","","category-cinta-de-noticias","category-siria-y-el-mundo","category-ultimas-noticias","tag-festival","tag-rusia","tag-siria"],"_links":{"self":[{"href":"https:\/\/archive.sana.sy\/es\/index.php?rest_route=\/wp\/v2\/posts\/323697"}],"collection":[{"href":"https:\/\/archive.sana.sy\/es\/index.php?rest_route=\/wp\/v2\/posts"}],"about":[{"href":"https:\/\/archive.sana.sy\/es\/index.php?rest_route=\/wp\/v2\/types\/post"}],"author":[{"embeddable":true,"href":"https:\/\/archive.sana.sy\/es\/index.php?rest_route=\/wp\/v2\/users\/31"}],"replies":[{"embeddable":true,"href":"https:\/\/archive.sana.sy\/es\/index.php?rest_route=%2Fwp%2Fv2%2Fcomments&post=323697"}],"version-history":[{"count":2,"href":"https:\/\/archive.sana.sy\/es\/index.php?rest_route=\/wp\/v2\/posts\/323697\/revisions"}],"predecessor-version":[{"id":323701,"href":"https:\/\/archive.sana.sy\/es\/index.php?rest_route=\/wp\/v2\/posts\/323697\/revisions\/323701"}],"wp:featuredmedia":[{"embeddable":true,"href":"https:\/\/archive.sana.sy\/es\/index.php?rest_route=\/wp\/v2\/media\/323698"}],"wp:attachment":[{"href":"https:\/\/archive.sana.sy\/es\/index.php?rest_route=%2Fwp%2Fv2%2Fmedia&parent=323697"}],"wp:term":[{"taxonomy":"category","embeddable":true,"href":"https:\/\/archive.sana.sy\/es\/index.php?rest_route=%2Fwp%2Fv2%2Fcategories&post=323697"},{"taxonomy":"post_tag","embeddable":true,"href":"https:\/\/archive.sana.sy\/es\/index.php?rest_route=%2Fwp%2Fv2%2Ftags&post=323697"}],"curies":[{"name":"wp","href":"https:\/\/api.w.org\/{rel}","templated":true}]}}