{"id":323702,"date":"2024-03-03T06:27:10","date_gmt":"2024-03-03T03:27:10","guid":{"rendered":"https:\/\/sana.sy\/es\/?p=323702"},"modified":"2024-03-03T21:06:09","modified_gmt":"2024-03-03T18:06:09","slug":"ejercito-israeli-confirma-muerte-de-tres-de-sus-soldados-en-el-sur-de-gaza","status":"publish","type":"post","link":"https:\/\/archive.sana.sy\/es\/?p=323702","title":{"rendered":"Ej\u00e9rcito israel\u00ed confirma muerte de tres de sus soldados en el sur de Gaza"},"content":{"rendered":"<p style=\"text-align: justify;\"><span style=\"color: #800000;\"><strong>Jerusal\u00e9n ocupada, 3 mar (SANA)\u00a0<\/strong> <\/span>El ej\u00e9rcito de ocupaci\u00f3n israel\u00ed anunci\u00f3 hoy que tres de sus soldados murieron y otros 13 resultaron heridos, cuatro de gravedad, durante enfrentamientos con la resistencia palestina, en la ciudad de Khan Yunis, al sur de la Franja de Gaza.<\/p>\n<p style=\"text-align: justify;\"><img loading=\"lazy\" decoding=\"async\" class=\"size-medium wp-image-323704 alignleft\" src=\"http:\/\/sana.sy\/es\/wp-content\/uploads\/2024\/03\/7a3225a2-dee5-40f5-90d8-c1c649d05822-300x169.jpg\" alt=\"\" width=\"300\" height=\"169\" srcset=\"https:\/\/archive.sana.sy\/es\/wp-content\/uploads\/2024\/03\/7a3225a2-dee5-40f5-90d8-c1c649d05822-300x169.jpg 300w, https:\/\/archive.sana.sy\/es\/wp-content\/uploads\/2024\/03\/7a3225a2-dee5-40f5-90d8-c1c649d05822-1024x576.jpg 1024w, https:\/\/archive.sana.sy\/es\/wp-content\/uploads\/2024\/03\/7a3225a2-dee5-40f5-90d8-c1c649d05822-150x84.jpg 150w, https:\/\/archive.sana.sy\/es\/wp-content\/uploads\/2024\/03\/7a3225a2-dee5-40f5-90d8-c1c649d05822-768x432.jpg 768w, https:\/\/archive.sana.sy\/es\/wp-content\/uploads\/2024\/03\/7a3225a2-dee5-40f5-90d8-c1c649d05822-1536x864.jpg 1536w, https:\/\/archive.sana.sy\/es\/wp-content\/uploads\/2024\/03\/7a3225a2-dee5-40f5-90d8-c1c649d05822.jpg 1600w\" sizes=\"(max-width: 300px) 100vw, 300px\" \/>Habitualmente, el ocupante no reconoce las cifras reales de sus muertos y sus p\u00e9rdidas durante los enfrentamientos con la resistencia palestina; esta \u00faltima ha logrado eliminar a decenas de oficiales y soldados sionistas, y destruir sus veh\u00edculos.<\/p>\n<p style=\"text-align: justify;\">Asimismo, la Resistencia anunci\u00f3 haber derribado con un misil SAM 7 un avi\u00f3n no tripulado Hirmes 900 en Beit Lahia, en el norte de la Franja de Gaza, as\u00ed como tom\u00f3 el control de otro aparato a\u00e9reo Skylark al sur del barrio de Zaytoun en la ciudad de Gaza.<\/p>\n<p style=\"text-align: justify;\">fm<\/p>\n","protected":false},"excerpt":{"rendered":"<p>Jerusal\u00e9n ocupada, 3 mar (SANA)\u00a0 El ej\u00e9rcito de ocupaci\u00f3n israel\u00ed anunci\u00f3 hoy que tres de sus soldados murieron y otros 13 resultaron heridos, cuatro de gravedad, durante enfrentamientos con la resistencia palestina, en la ciudad de Khan Yunis, al sur de la Franja de Gaza. Habitualmente, el ocupante no reconoce las cifras reales de sus &hellip;<\/p>\n","protected":false},"author":34,"featured_media":323703,"comment_status":"closed","ping_status":"closed","sticky":false,"template":"","format":"standard","meta":{"footnotes":""},"categories":[597,456,20724,7541],"tags":[],"class_list":["post-323702","post","type-post","status-publish","format-standard","has-post-thumbnail","","category-cinta-de-noticias","category-arabe-internacional-politica","category-minuto-a-minuto","category-ultimas-noticias"],"_links":{"self":[{"href":"https:\/\/archive.sana.sy\/es\/index.php?rest_route=\/wp\/v2\/posts\/323702"}],"collection":[{"href":"https:\/\/archive.sana.sy\/es\/index.php?rest_route=\/wp\/v2\/posts"}],"about":[{"href":"https:\/\/archive.sana.sy\/es\/index.php?rest_route=\/wp\/v2\/types\/post"}],"author":[{"embeddable":true,"href":"https:\/\/archive.sana.sy\/es\/index.php?rest_route=\/wp\/v2\/users\/34"}],"replies":[{"embeddable":true,"href":"https:\/\/archive.sana.sy\/es\/index.php?rest_route=%2Fwp%2Fv2%2Fcomments&post=323702"}],"version-history":[{"count":1,"href":"https:\/\/archive.sana.sy\/es\/index.php?rest_route=\/wp\/v2\/posts\/323702\/revisions"}],"predecessor-version":[{"id":323705,"href":"https:\/\/archive.sana.sy\/es\/index.php?rest_route=\/wp\/v2\/posts\/323702\/revisions\/323705"}],"wp:featuredmedia":[{"embeddable":true,"href":"https:\/\/archive.sana.sy\/es\/index.php?rest_route=\/wp\/v2\/media\/323703"}],"wp:attachment":[{"href":"https:\/\/archive.sana.sy\/es\/index.php?rest_route=%2Fwp%2Fv2%2Fmedia&parent=323702"}],"wp:term":[{"taxonomy":"category","embeddable":true,"href":"https:\/\/archive.sana.sy\/es\/index.php?rest_route=%2Fwp%2Fv2%2Fcategories&post=323702"},{"taxonomy":"post_tag","embeddable":true,"href":"https:\/\/archive.sana.sy\/es\/index.php?rest_route=%2Fwp%2Fv2%2Ftags&post=323702"}],"curies":[{"name":"wp","href":"https:\/\/api.w.org\/{rel}","templated":true}]}}