{"id":32372,"date":"2015-10-27T20:13:02","date_gmt":"2015-10-27T17:13:02","guid":{"rendered":"http:\/\/sana.sy\/es\/?p=32372"},"modified":"2015-10-28T12:51:08","modified_gmt":"2015-10-28T09:51:08","slug":"mas-de-500-terroristas-del-ei-han-sido-trasladados-desde-siria-a-yemen","status":"publish","type":"post","link":"https:\/\/archive.sana.sy\/es\/?p=32372","title":{"rendered":"M\u00e1s de 500 terroristas del (EI) han sido trasladados desde Siria a Yemen"},"content":{"rendered":"<p style=\"text-align: justify\"><span style=\"color: #800000\">Damasco, SANA<\/span>&#8211; El portavoz del Ej\u00e9rcito \u00c1rabe Sirio dijo el martes que unos informes de la inteligencia indican que el 16 de octubre, cuatro aviones aterrizaron en el aeropuerto yemen\u00ed Ad\u00e9n, llevando a bordo terroristas de (EI).<\/p>\n<p style=\"text-align: justify\">El portavoz especific\u00f3 que los aviones han sido dos de Turqu\u00eda , uno de Qatar y uno de los Emiratos \u00c1rabes Unidos, llevaban m\u00e1s de 500 miembros del (EI) que hab\u00edan huido de Siria tras los ataques a\u00e9reos rusos.<\/p>\n<p style=\"text-align: justify\">El portavoz continu\u00f3 diciendo que a su llegada a Aden, los oficiales de la alianza saud\u00ed los dividieron en tres grupos: uno se fue al estrecho de Bab-el-Mandeb, uno a la ciudad \u00a0de Ma&#8217;rib, y uno a\u00a0las regiones de Arabia Saudita de Jizan y Asir con el fin de unir fuerzas terrestres de la coalici\u00f3n saud\u00ed que hab\u00edan sufrido grandes p\u00e9rdidas durante sus batallas all\u00ed.<\/p>\n<p style=\"text-align: justify\">El portavoz concluy\u00f3 que la informaci\u00f3n indica que el proceso de transporte de terroristas del (EI) desde Siria continuar\u00e1 en la etapa que viene.<\/p>\n<p>M.Miri<\/p>\n","protected":false},"excerpt":{"rendered":"<p>Damasco, SANA&#8211; El portavoz del Ej\u00e9rcito \u00c1rabe Sirio dijo el martes que unos informes de la inteligencia indican que el 16 de octubre, cuatro aviones aterrizaron en el aeropuerto yemen\u00ed Ad\u00e9n, llevando a bordo terroristas de (EI). El portavoz especific\u00f3 que los aviones han sido dos de Turqu\u00eda , uno de Qatar y uno de &hellip;<\/p>\n","protected":false},"author":1,"featured_media":32373,"comment_status":"closed","ping_status":"closed","sticky":false,"template":"","format":"standard","meta":{"footnotes":""},"categories":[477,456,476,457],"tags":[7211],"class_list":["post-32372","post","type-post","status-publish","format-standard","has-post-thumbnail","","category-noticias-edulcorantes","category-arabe-internacional-politica","category-locales","category-noticias-arabe-internacional-politica","tag-mas-de-500-terroristas-del-ei-han-sido-trasladados-desde-siria-a-yemen"],"_links":{"self":[{"href":"https:\/\/archive.sana.sy\/es\/index.php?rest_route=\/wp\/v2\/posts\/32372"}],"collection":[{"href":"https:\/\/archive.sana.sy\/es\/index.php?rest_route=\/wp\/v2\/posts"}],"about":[{"href":"https:\/\/archive.sana.sy\/es\/index.php?rest_route=\/wp\/v2\/types\/post"}],"author":[{"embeddable":true,"href":"https:\/\/archive.sana.sy\/es\/index.php?rest_route=\/wp\/v2\/users\/1"}],"replies":[{"embeddable":true,"href":"https:\/\/archive.sana.sy\/es\/index.php?rest_route=%2Fwp%2Fv2%2Fcomments&post=32372"}],"version-history":[{"count":0,"href":"https:\/\/archive.sana.sy\/es\/index.php?rest_route=\/wp\/v2\/posts\/32372\/revisions"}],"wp:featuredmedia":[{"embeddable":true,"href":"https:\/\/archive.sana.sy\/es\/index.php?rest_route=\/wp\/v2\/media\/32373"}],"wp:attachment":[{"href":"https:\/\/archive.sana.sy\/es\/index.php?rest_route=%2Fwp%2Fv2%2Fmedia&parent=32372"}],"wp:term":[{"taxonomy":"category","embeddable":true,"href":"https:\/\/archive.sana.sy\/es\/index.php?rest_route=%2Fwp%2Fv2%2Fcategories&post=32372"},{"taxonomy":"post_tag","embeddable":true,"href":"https:\/\/archive.sana.sy\/es\/index.php?rest_route=%2Fwp%2Fv2%2Ftags&post=32372"}],"curies":[{"name":"wp","href":"https:\/\/api.w.org\/{rel}","templated":true}]}}