{"id":32376,"date":"2015-10-27T20:23:33","date_gmt":"2015-10-27T17:23:33","guid":{"rendered":"http:\/\/sana.sy\/es\/?p=32376"},"modified":"2015-10-27T20:23:33","modified_gmt":"2015-10-27T17:23:33","slug":"bogdanov-y-haddad-abordan-en-moscu-la-situacion-en-siria-2","status":"publish","type":"post","link":"https:\/\/archive.sana.sy\/es\/?p=32376","title":{"rendered":"Bogdanov y Haddad abordan en Mosc\u00fa la situaci\u00f3n en siria"},"content":{"rendered":"<p style=\"text-align: justify\"><span style=\"color: #800000\">Mosc\u00fa, SANA<\/span>&#8211; El representante especial del presidente ruso para los Asuntos del Oriente Medio y los Pa\u00edses Africanos, el vicecanciller Mikhail Bogdanov, discuti\u00f3 detalladamente con el embajador sirio en Mosc\u00fa, Riyad Haddad, el desarrollo de la situaci\u00f3n en Siria e hizo hincapi\u00e9 en la necesidad de dar con una soluci\u00f3n pol\u00edtica a la crisis.<\/p>\n<p style=\"text-align: justify\">En un comunicado, el ministro de Relaciones Exteriores ruso dijo que, la reuni\u00f3n tambi\u00e9n se centr\u00f3 en el tema de la cooperaci\u00f3n entre ambos pa\u00edses, las relaciones bilaterales, la necesidad de alcanzar una salida pol\u00edtica de la crisis y la posibilidad de iniciar una nueva jornada de comunicaciones intersirias en Mosc\u00fa, adem\u00e1s de la lucha contra el terrorismo.<\/p>\n<p>M.Miri<\/p>\n","protected":false},"excerpt":{"rendered":"<p>Mosc\u00fa, SANA&#8211; El representante especial del presidente ruso para los Asuntos del Oriente Medio y los Pa\u00edses Africanos, el vicecanciller Mikhail Bogdanov, discuti\u00f3 detalladamente con el embajador sirio en Mosc\u00fa, Riyad Haddad, el desarrollo de la situaci\u00f3n en Siria e hizo hincapi\u00e9 en la necesidad de dar con una soluci\u00f3n pol\u00edtica a la crisis. En &hellip;<\/p>\n","protected":false},"author":1,"featured_media":32377,"comment_status":"closed","ping_status":"closed","sticky":false,"template":"","format":"standard","meta":{"footnotes":""},"categories":[456,457,576],"tags":[6843],"class_list":["post-32376","post","type-post","status-publish","format-standard","has-post-thumbnail","","category-arabe-internacional-politica","category-noticias-arabe-internacional-politica","category-noticias-politicas","tag-bogdanov-y-haddad-abordan-en-moscu-la-situacion-en-siria"],"_links":{"self":[{"href":"https:\/\/archive.sana.sy\/es\/index.php?rest_route=\/wp\/v2\/posts\/32376"}],"collection":[{"href":"https:\/\/archive.sana.sy\/es\/index.php?rest_route=\/wp\/v2\/posts"}],"about":[{"href":"https:\/\/archive.sana.sy\/es\/index.php?rest_route=\/wp\/v2\/types\/post"}],"author":[{"embeddable":true,"href":"https:\/\/archive.sana.sy\/es\/index.php?rest_route=\/wp\/v2\/users\/1"}],"replies":[{"embeddable":true,"href":"https:\/\/archive.sana.sy\/es\/index.php?rest_route=%2Fwp%2Fv2%2Fcomments&post=32376"}],"version-history":[{"count":0,"href":"https:\/\/archive.sana.sy\/es\/index.php?rest_route=\/wp\/v2\/posts\/32376\/revisions"}],"wp:featuredmedia":[{"embeddable":true,"href":"https:\/\/archive.sana.sy\/es\/index.php?rest_route=\/wp\/v2\/media\/32377"}],"wp:attachment":[{"href":"https:\/\/archive.sana.sy\/es\/index.php?rest_route=%2Fwp%2Fv2%2Fmedia&parent=32376"}],"wp:term":[{"taxonomy":"category","embeddable":true,"href":"https:\/\/archive.sana.sy\/es\/index.php?rest_route=%2Fwp%2Fv2%2Fcategories&post=32376"},{"taxonomy":"post_tag","embeddable":true,"href":"https:\/\/archive.sana.sy\/es\/index.php?rest_route=%2Fwp%2Fv2%2Ftags&post=32376"}],"curies":[{"name":"wp","href":"https:\/\/api.w.org\/{rel}","templated":true}]}}