{"id":323781,"date":"2024-03-04T08:18:22","date_gmt":"2024-03-04T05:18:22","guid":{"rendered":"https:\/\/sana.sy\/es\/?p=323781"},"modified":"2024-03-04T10:02:47","modified_gmt":"2024-03-04T07:02:47","slug":"manifestaciones-masivas-en-cuba-y-estados-unidos-en-condena-al-genocidio-israeli-en-gaza","status":"publish","type":"post","link":"https:\/\/archive.sana.sy\/es\/?p=323781","title":{"rendered":"Manifestaciones masivas en Cuba y Estados Unidos en condena al genocidio israel\u00ed en Gaza"},"content":{"rendered":"<p><span style=\"color: #800000;\"><strong>La Habana, 3 mar (SANA)\u00a0<\/strong> <\/span>\u00a0Los cubanos han salido a la calles en multitudinarias manifestaciones en varios puntos del pa\u00eds en apoyo al pueblo palestino y para denunciar los cr\u00edmenes de genocidio cometidos por las autoridades del ocupante en la Franja de Gaza.<\/p>\n<p>La convocatoria fue lanzada por la Uni\u00f3n de J\u00f3venes Comunistas de Cuba y otras organizaciones sociales, donde en la capital, La Habana, y en otras ciudades, hubo concentraciones en solidaridad con el pueblo palestino y para exigir el fin del genocidio israel\u00ed en Gaza y la protecci\u00f3n del pueblo palestino.<\/p>\n<p>El presidente de la mayor de las Antillas, Miguel D\u00edaz-Canel, quien anteriormente hab\u00eda convocado a manifestaciones escribi\u00f3 en su cuenta X : Cuba, que jam\u00e1s ser\u00e1 indiferente ante el crimen, se suma a la jornada mundial de apoyo al pueblo palestino y exige que se ponga fin al genocidio israel\u00ed en Gaza. \u00a1Basta de brutalidad, basta de abuso, basta de impunidad!<\/p>\n<p>&#8220;Duele profundamente Palestina. Indigna la impunidad de los que bombardean sin piedad a su pueblo. Hoy hemos expresado el dolor y la indignaci\u00f3n del pueblo de #Cuba en la Tribuna Antiimperialista. Cese el Genocidio en Gaza, agreg\u00f3.<\/p>\n<p>No es la primera vez que los cubanos protestan contra los cr\u00edmenes de guerra cometidos por \u201cIsrael\u201d en la Franja de Gaza, el 23 de noviembre pasado, salieron en masivas marchas de solidaridad con Palestina y contra el genocidio.<br \/>\nEn Estados Unidos, miles de partidarios del pueblo palestino se manifestaron en la ciudad de Los \u00c1ngeles para exigir el fin de la agresi\u00f3n israel\u00ed.<\/p>\n<p>El peri\u00f3dico estadounidense Los Angeles Times inform\u00f3 que los manifestantes izaron banderas palestinas y portaron pancartas con frases como: \u201cAlto al genocidio\u201d, \u201cLiberen a dos millones de rehenes atrapados en Gaza\u201d y \u201cCese al fuego ahora\u201d.<\/p>\n<p>Manifestaciones similares tuvieron lugar en las principales ciudades estadounidenses de todo el pa\u00eds, incluidas San Francisco, Seattle, Nueva York y Washington.<\/p>\n<p>fm\/ws<\/p>\n","protected":false},"excerpt":{"rendered":"<p>La Habana, 3 mar (SANA)\u00a0 \u00a0Los cubanos han salido a la calles en multitudinarias manifestaciones en varios puntos del pa\u00eds en apoyo al pueblo palestino y para denunciar los cr\u00edmenes de genocidio cometidos por las autoridades del ocupante en la Franja de Gaza. La convocatoria fue lanzada por la Uni\u00f3n de J\u00f3venes Comunistas de Cuba &hellip;<\/p>\n","protected":false},"author":35,"featured_media":323787,"comment_status":"closed","ping_status":"closed","sticky":false,"template":"","format":"standard","meta":{"footnotes":""},"categories":[597,456,16687,20724],"tags":[],"class_list":["post-323781","post","type-post","status-publish","format-standard","has-post-thumbnail","","category-cinta-de-noticias","category-arabe-internacional-politica","category-internacionales","category-minuto-a-minuto"],"_links":{"self":[{"href":"https:\/\/archive.sana.sy\/es\/index.php?rest_route=\/wp\/v2\/posts\/323781"}],"collection":[{"href":"https:\/\/archive.sana.sy\/es\/index.php?rest_route=\/wp\/v2\/posts"}],"about":[{"href":"https:\/\/archive.sana.sy\/es\/index.php?rest_route=\/wp\/v2\/types\/post"}],"author":[{"embeddable":true,"href":"https:\/\/archive.sana.sy\/es\/index.php?rest_route=\/wp\/v2\/users\/35"}],"replies":[{"embeddable":true,"href":"https:\/\/archive.sana.sy\/es\/index.php?rest_route=%2Fwp%2Fv2%2Fcomments&post=323781"}],"version-history":[{"count":1,"href":"https:\/\/archive.sana.sy\/es\/index.php?rest_route=\/wp\/v2\/posts\/323781\/revisions"}],"predecessor-version":[{"id":323782,"href":"https:\/\/archive.sana.sy\/es\/index.php?rest_route=\/wp\/v2\/posts\/323781\/revisions\/323782"}],"wp:featuredmedia":[{"embeddable":true,"href":"https:\/\/archive.sana.sy\/es\/index.php?rest_route=\/wp\/v2\/media\/323787"}],"wp:attachment":[{"href":"https:\/\/archive.sana.sy\/es\/index.php?rest_route=%2Fwp%2Fv2%2Fmedia&parent=323781"}],"wp:term":[{"taxonomy":"category","embeddable":true,"href":"https:\/\/archive.sana.sy\/es\/index.php?rest_route=%2Fwp%2Fv2%2Fcategories&post=323781"},{"taxonomy":"post_tag","embeddable":true,"href":"https:\/\/archive.sana.sy\/es\/index.php?rest_route=%2Fwp%2Fv2%2Ftags&post=323781"}],"curies":[{"name":"wp","href":"https:\/\/api.w.org\/{rel}","templated":true}]}}