{"id":323783,"date":"2024-03-04T09:48:00","date_gmt":"2024-03-04T06:48:00","guid":{"rendered":"https:\/\/sana.sy\/es\/?p=323783"},"modified":"2024-03-04T09:48:21","modified_gmt":"2024-03-04T06:48:21","slug":"unicef-advierte-que-uno-de-cada-seis-ninos-gazaties-muere-por-desnutricion","status":"publish","type":"post","link":"https:\/\/archive.sana.sy\/es\/?p=323783","title":{"rendered":"Unicef advierte que uno de cada seis ni\u00f1os gazat\u00edes muere por desnutrici\u00f3n"},"content":{"rendered":"<blockquote>\n<p style=\"text-align: justify;\"><span style=\"color: #800000;\">Los ex\u00e1menes de desnutrici\u00f3n realizados por UNICEF y el Programa Mundial de Alimentos en el norte de la Franja de Gaza en enero pasado encontraron que 1 de cada 6 ni\u00f1os menores de dos a\u00f1os padec\u00eda desnutrici\u00f3n aguda, mientras que el 5 por ciento de los ni\u00f1os sufren los mismos s\u00edntomas en el sur de Rafah.<\/span><\/p>\n<\/blockquote>\n<p style=\"text-align: justify;\"><span style=\"color: #800000;\"><strong>Nueva York, 4 mar (SANA)\u00a0<\/strong><\/span> El Fondo de las Naciones Unidas para la Infancia (Unicef) advirti\u00f3 que la muerte entre ni\u00f1os por desnutrici\u00f3n en la Franja de Gaza se ha convertido en una realidad, en medio de los bombardeos y el asedio de \u201cIsrael\u201d a este enclave costero.<\/p>\n<p style=\"text-align: justify;\">La directora regional de la Unicef para Oriente Medio y Norte de \u00c1frica, Adele Khader, revel\u00f3 que el sufrimiento y la desesperaci\u00f3n de los padres y m\u00e9dicos gazat\u00edes es insoportable debido a su incapacidad para salvar las vidas de estos menores.<\/p>\n<p style=\"text-align: justify;\">Las vidas de miles de ni\u00f1os y beb\u00e9s corren peligro a menos que se tomen medidas urgentes, alert\u00f3 Khader.<br \/>\nSe\u00f1al\u00f3 que debe haber m\u00e1s ni\u00f1os luchando por sus vidas en los pocos hospitales que quedan en el enclave palestino, mientras la situaci\u00f3n empeora en el norte, donde es probable que los ni\u00f1os no puedan recibir atenci\u00f3n alguna.<\/p>\n<p style=\"text-align: justify;\">Impedir la entrada de ayuda a los palestinos provoc\u00f3 una importante escasez de alimentos nutritivos, agua potable y servicios m\u00e9dicos, lo que dificulta la capacidad de las madres para amamantar a sus hijos, especialmente en el norte de la Franja de Gaza, asever\u00f3.<\/p>\n<p style=\"text-align: justify;\">Explic\u00f3 que los ex\u00e1menes de desnutrici\u00f3n realizados por UNICEF y el Programa Mundial de Alimentos en el norte de la Franja de Gaza en enero pasado encontraron que 1 de cada 6 ni\u00f1os menores de dos a\u00f1os padec\u00eda desnutrici\u00f3n aguda, mientras que el 5 por ciento de los ni\u00f1os sufren los mismos s\u00edntomas en el sur de Rafah.<\/p>\n<p style=\"text-align: justify;\"><strong>ws\/fm<\/strong><\/p>\n","protected":false},"excerpt":{"rendered":"<p>Los ex\u00e1menes de desnutrici\u00f3n realizados por UNICEF y el Programa Mundial de Alimentos en el norte de la Franja de Gaza en enero pasado encontraron que 1 de cada 6 ni\u00f1os menores de dos a\u00f1os padec\u00eda desnutrici\u00f3n aguda, mientras que el 5 por ciento de los ni\u00f1os sufren los mismos s\u00edntomas en el sur de &hellip;<\/p>\n","protected":false},"author":35,"featured_media":323784,"comment_status":"closed","ping_status":"closed","sticky":false,"template":"","format":"standard","meta":{"footnotes":""},"categories":[597,456,16687,20724,7541],"tags":[],"class_list":["post-323783","post","type-post","status-publish","format-standard","has-post-thumbnail","","category-cinta-de-noticias","category-arabe-internacional-politica","category-internacionales","category-minuto-a-minuto","category-ultimas-noticias"],"_links":{"self":[{"href":"https:\/\/archive.sana.sy\/es\/index.php?rest_route=\/wp\/v2\/posts\/323783"}],"collection":[{"href":"https:\/\/archive.sana.sy\/es\/index.php?rest_route=\/wp\/v2\/posts"}],"about":[{"href":"https:\/\/archive.sana.sy\/es\/index.php?rest_route=\/wp\/v2\/types\/post"}],"author":[{"embeddable":true,"href":"https:\/\/archive.sana.sy\/es\/index.php?rest_route=\/wp\/v2\/users\/35"}],"replies":[{"embeddable":true,"href":"https:\/\/archive.sana.sy\/es\/index.php?rest_route=%2Fwp%2Fv2%2Fcomments&post=323783"}],"version-history":[{"count":2,"href":"https:\/\/archive.sana.sy\/es\/index.php?rest_route=\/wp\/v2\/posts\/323783\/revisions"}],"predecessor-version":[{"id":323786,"href":"https:\/\/archive.sana.sy\/es\/index.php?rest_route=\/wp\/v2\/posts\/323783\/revisions\/323786"}],"wp:featuredmedia":[{"embeddable":true,"href":"https:\/\/archive.sana.sy\/es\/index.php?rest_route=\/wp\/v2\/media\/323784"}],"wp:attachment":[{"href":"https:\/\/archive.sana.sy\/es\/index.php?rest_route=%2Fwp%2Fv2%2Fmedia&parent=323783"}],"wp:term":[{"taxonomy":"category","embeddable":true,"href":"https:\/\/archive.sana.sy\/es\/index.php?rest_route=%2Fwp%2Fv2%2Fcategories&post=323783"},{"taxonomy":"post_tag","embeddable":true,"href":"https:\/\/archive.sana.sy\/es\/index.php?rest_route=%2Fwp%2Fv2%2Ftags&post=323783"}],"curies":[{"name":"wp","href":"https:\/\/api.w.org\/{rel}","templated":true}]}}