{"id":323788,"date":"2024-03-04T11:14:13","date_gmt":"2024-03-04T08:14:13","guid":{"rendered":"https:\/\/sana.sy\/es\/?p=323788"},"modified":"2024-03-04T11:14:13","modified_gmt":"2024-03-04T08:14:13","slug":"miles-de-mujeres-se-manifiestan-en-madrid-en-apoyo-a-palestina","status":"publish","type":"post","link":"https:\/\/archive.sana.sy\/es\/?p=323788","title":{"rendered":"Miles de mujeres se manifiestan en Madrid en apoyo a Palestina"},"content":{"rendered":"<p style=\"text-align: justify;\"><span style=\"color: #800000;\"><strong>Madrid, 4 Mar (SANA) <\/strong><\/span>Miles de mujeres salieron a las calles de la capital espa\u00f1ola, Madrid, para denunciar los cr\u00edmenes israel\u00edes contra los palestinos en Gaza.<\/p>\n<p style=\"text-align: justify;\">Seg\u00fan reportes de prensa, tres mil mujeres se manifestaron y formaron una caadena humana en la avenida donde se ubica el Parlamento Europeo y las embajadas de Estados Unidos e Israel.<\/p>\n<p style=\"text-align: justify;\">Las mujeres izaron pancartas con frases de denuncia a la agresi\u00f3n israel\u00ed contra Gaza y condenaron el apoyo estadounidense a los cr\u00edmenes y reiteraron el rechazo al silencio de la Uni\u00f3n Europea.<\/p>\n<p style=\"text-align: justify;\">Las manifestantes exigieron tambi\u00e9n un alto el fuego inmediato y el levantamiento del asedio impuesto por \u201cIsrael\u201d a los palestinos, y pidieron a los pa\u00edses de la Uni\u00f3n Europea que tomaran medidas contra la injusticia y el genocidio.<\/p>\n<p style=\"text-align: justify;\">as\/fm<\/p>\n","protected":false},"excerpt":{"rendered":"<p>Madrid, 4 Mar (SANA) Miles de mujeres salieron a las calles de la capital espa\u00f1ola, Madrid, para denunciar los cr\u00edmenes israel\u00edes contra los palestinos en Gaza. Seg\u00fan reportes de prensa, tres mil mujeres se manifestaron y formaron una caadena humana en la avenida donde se ubica el Parlamento Europeo y las embajadas de Estados Unidos &hellip;<\/p>\n","protected":false},"author":42,"featured_media":323789,"comment_status":"closed","ping_status":"closed","sticky":false,"template":"","format":"standard","meta":{"footnotes":""},"categories":[597,456,16687,20724,7541],"tags":[],"class_list":["post-323788","post","type-post","status-publish","format-standard","has-post-thumbnail","","category-cinta-de-noticias","category-arabe-internacional-politica","category-internacionales","category-minuto-a-minuto","category-ultimas-noticias"],"_links":{"self":[{"href":"https:\/\/archive.sana.sy\/es\/index.php?rest_route=\/wp\/v2\/posts\/323788"}],"collection":[{"href":"https:\/\/archive.sana.sy\/es\/index.php?rest_route=\/wp\/v2\/posts"}],"about":[{"href":"https:\/\/archive.sana.sy\/es\/index.php?rest_route=\/wp\/v2\/types\/post"}],"author":[{"embeddable":true,"href":"https:\/\/archive.sana.sy\/es\/index.php?rest_route=\/wp\/v2\/users\/42"}],"replies":[{"embeddable":true,"href":"https:\/\/archive.sana.sy\/es\/index.php?rest_route=%2Fwp%2Fv2%2Fcomments&post=323788"}],"version-history":[{"count":1,"href":"https:\/\/archive.sana.sy\/es\/index.php?rest_route=\/wp\/v2\/posts\/323788\/revisions"}],"predecessor-version":[{"id":323790,"href":"https:\/\/archive.sana.sy\/es\/index.php?rest_route=\/wp\/v2\/posts\/323788\/revisions\/323790"}],"wp:featuredmedia":[{"embeddable":true,"href":"https:\/\/archive.sana.sy\/es\/index.php?rest_route=\/wp\/v2\/media\/323789"}],"wp:attachment":[{"href":"https:\/\/archive.sana.sy\/es\/index.php?rest_route=%2Fwp%2Fv2%2Fmedia&parent=323788"}],"wp:term":[{"taxonomy":"category","embeddable":true,"href":"https:\/\/archive.sana.sy\/es\/index.php?rest_route=%2Fwp%2Fv2%2Fcategories&post=323788"},{"taxonomy":"post_tag","embeddable":true,"href":"https:\/\/archive.sana.sy\/es\/index.php?rest_route=%2Fwp%2Fv2%2Ftags&post=323788"}],"curies":[{"name":"wp","href":"https:\/\/api.w.org\/{rel}","templated":true}]}}