{"id":323798,"date":"2024-03-04T12:11:08","date_gmt":"2024-03-04T09:11:08","guid":{"rendered":"https:\/\/sana.sy\/es\/?p=323798"},"modified":"2024-03-04T12:11:08","modified_gmt":"2024-03-04T09:11:08","slug":"16-ninos-fallecieron-por-desnutricion-en-gaza","status":"publish","type":"post","link":"https:\/\/archive.sana.sy\/es\/?p=323798","title":{"rendered":"16 ni\u00f1os fallecieron por desnutrici\u00f3n en Gaza"},"content":{"rendered":"<p style=\"text-align: justify;\"><span style=\"color: #800000;\"><strong>Jerusal\u00e9n ocupada, 4 mar (SANA)<\/strong> <\/span>Un ni\u00f1o muri\u00f3 hoy por desnutrici\u00f3n en Gaza, lo que eleva a 16 el n\u00famero de menores muertos a causa del hambre.<\/p>\n<p style=\"text-align: justify;\">Fuentes m\u00e9dicas citadas por la agencia Wafa indicaro que el ni\u00f1o muri\u00f3 en el hospital Abu Youssef Al-Najjar en la ciudad de Rafah, al sur de la Franja de Gaza, como resultado de la desnutrici\u00f3n y la falta de tratamiento.<\/p>\n<p style=\"text-align: justify;\">La v\u00edspera, el hospital Kamal Adwan anunci\u00f3 la muerte de 15 ni\u00f1os como consecuencia de la desnutrici\u00f3n y la deshidrataci\u00f3n.<br \/>\nSe\u00f1al\u00f3 que la vida de 6 ni\u00f1os en cuidados intensivos est\u00e1 amenazada debido a la interrupci\u00f3n del suministro del generador el\u00e9ctrico y el ox\u00edgeno.<\/p>\n<p style=\"text-align: justify;\">Los trabajadores humanitarios de las Naciones Unidas han advertido que m\u00e1s de medio mill\u00f3n de personas en la Franja de Gaza est\u00e1n a un paso de la hambruna, y el Fondo de las Naciones Unidas para la Infancia (UNICEF) tambi\u00e9n ha advertido de la alarmante escasez de alimentos y del aumento de la desnutrici\u00f3n y las enfermedades.<\/p>\n<p style=\"text-align: justify;\">fm\/as<\/p>\n","protected":false},"excerpt":{"rendered":"<p>Jerusal\u00e9n ocupada, 4 mar (SANA) Un ni\u00f1o muri\u00f3 hoy por desnutrici\u00f3n en Gaza, lo que eleva a 16 el n\u00famero de menores muertos a causa del hambre. Fuentes m\u00e9dicas citadas por la agencia Wafa indicaro que el ni\u00f1o muri\u00f3 en el hospital Abu Youssef Al-Najjar en la ciudad de Rafah, al sur de la Franja &hellip;<\/p>\n","protected":false},"author":42,"featured_media":323799,"comment_status":"closed","ping_status":"closed","sticky":false,"template":"","format":"standard","meta":{"footnotes":""},"categories":[597,456,16687,20724,7541],"tags":[],"class_list":["post-323798","post","type-post","status-publish","format-standard","has-post-thumbnail","","category-cinta-de-noticias","category-arabe-internacional-politica","category-internacionales","category-minuto-a-minuto","category-ultimas-noticias"],"_links":{"self":[{"href":"https:\/\/archive.sana.sy\/es\/index.php?rest_route=\/wp\/v2\/posts\/323798"}],"collection":[{"href":"https:\/\/archive.sana.sy\/es\/index.php?rest_route=\/wp\/v2\/posts"}],"about":[{"href":"https:\/\/archive.sana.sy\/es\/index.php?rest_route=\/wp\/v2\/types\/post"}],"author":[{"embeddable":true,"href":"https:\/\/archive.sana.sy\/es\/index.php?rest_route=\/wp\/v2\/users\/42"}],"replies":[{"embeddable":true,"href":"https:\/\/archive.sana.sy\/es\/index.php?rest_route=%2Fwp%2Fv2%2Fcomments&post=323798"}],"version-history":[{"count":1,"href":"https:\/\/archive.sana.sy\/es\/index.php?rest_route=\/wp\/v2\/posts\/323798\/revisions"}],"predecessor-version":[{"id":323801,"href":"https:\/\/archive.sana.sy\/es\/index.php?rest_route=\/wp\/v2\/posts\/323798\/revisions\/323801"}],"wp:featuredmedia":[{"embeddable":true,"href":"https:\/\/archive.sana.sy\/es\/index.php?rest_route=\/wp\/v2\/media\/323799"}],"wp:attachment":[{"href":"https:\/\/archive.sana.sy\/es\/index.php?rest_route=%2Fwp%2Fv2%2Fmedia&parent=323798"}],"wp:term":[{"taxonomy":"category","embeddable":true,"href":"https:\/\/archive.sana.sy\/es\/index.php?rest_route=%2Fwp%2Fv2%2Fcategories&post=323798"},{"taxonomy":"post_tag","embeddable":true,"href":"https:\/\/archive.sana.sy\/es\/index.php?rest_route=%2Fwp%2Fv2%2Ftags&post=323798"}],"curies":[{"name":"wp","href":"https:\/\/api.w.org\/{rel}","templated":true}]}}