{"id":323804,"date":"2024-03-04T12:19:06","date_gmt":"2024-03-04T09:19:06","guid":{"rendered":"https:\/\/sana.sy\/es\/?p=323804"},"modified":"2024-03-04T12:19:37","modified_gmt":"2024-03-04T09:19:37","slug":"agresion-israeli-contra-gaza-entra-en-su-150-dia-conscutivo","status":"publish","type":"post","link":"https:\/\/archive.sana.sy\/es\/?p=323804","title":{"rendered":"Agresi\u00f3n israel\u00ed contra Gaza entra en su 150 d\u00eda conscutivo"},"content":{"rendered":"<p style=\"text-align: justify;\"><span style=\"color: #800000;\"><strong>Jerusal\u00e9n ocupada, 4 Mar (SANA) <\/strong><\/span>Varios palestinos fueron asesinados o resultaron heridos en el d\u00eda 150 de la agresi\u00f3n israel\u00ed contra la Franja de Gaza.<\/p>\n<p style=\"text-align: justify;\">Seg\u00fan informaron medios palestinos, los aviones israel\u00edes bombardearon una casa en Khirbet al-Adas, al norte de la ciudad de Rafah, al sur de Gaza, matando a siete palestinos, entre ellos ni\u00f1os y mujeres, e hiriendo a otros.<\/p>\n<p style=\"text-align: justify;\">Adem\u00e1s, atacaron una casa en la zona de Al-Ternis en el campo de refugiados de Jabalia, al norte de la Franja de Gaza.<\/p>\n<p style=\"text-align: justify;\">El Ministerio de Salud palestino anunci\u00f3 que\u00a0 durante las \u00faltimas 24 horas, el ocupante israel\u00ed cometi\u00f3 13 masacres en Gaza, dejando 124 muertos y 210 heridos.<\/p>\n<p style=\"text-align: justify;\">El n\u00famero total de v\u00edctimas de la actual agresi\u00f3n israel\u00ed en la Franja de Gaza durante 150 d\u00edas ha aumentado a 30.534 muertos y 71.920 heridos, precis\u00f3 el ente de salud.<\/p>\n<p>as\/fm<\/p>\n","protected":false},"excerpt":{"rendered":"<p>Jerusal\u00e9n ocupada, 4 Mar (SANA) Varios palestinos fueron asesinados o resultaron heridos en el d\u00eda 150 de la agresi\u00f3n israel\u00ed contra la Franja de Gaza. Seg\u00fan informaron medios palestinos, los aviones israel\u00edes bombardearon una casa en Khirbet al-Adas, al norte de la ciudad de Rafah, al sur de Gaza, matando a siete palestinos, entre ellos &hellip;<\/p>\n","protected":false},"author":42,"featured_media":323806,"comment_status":"closed","ping_status":"closed","sticky":false,"template":"","format":"standard","meta":{"footnotes":""},"categories":[597,456,16687,20724,7541],"tags":[],"class_list":["post-323804","post","type-post","status-publish","format-standard","has-post-thumbnail","","category-cinta-de-noticias","category-arabe-internacional-politica","category-internacionales","category-minuto-a-minuto","category-ultimas-noticias"],"_links":{"self":[{"href":"https:\/\/archive.sana.sy\/es\/index.php?rest_route=\/wp\/v2\/posts\/323804"}],"collection":[{"href":"https:\/\/archive.sana.sy\/es\/index.php?rest_route=\/wp\/v2\/posts"}],"about":[{"href":"https:\/\/archive.sana.sy\/es\/index.php?rest_route=\/wp\/v2\/types\/post"}],"author":[{"embeddable":true,"href":"https:\/\/archive.sana.sy\/es\/index.php?rest_route=\/wp\/v2\/users\/42"}],"replies":[{"embeddable":true,"href":"https:\/\/archive.sana.sy\/es\/index.php?rest_route=%2Fwp%2Fv2%2Fcomments&post=323804"}],"version-history":[{"count":2,"href":"https:\/\/archive.sana.sy\/es\/index.php?rest_route=\/wp\/v2\/posts\/323804\/revisions"}],"predecessor-version":[{"id":323808,"href":"https:\/\/archive.sana.sy\/es\/index.php?rest_route=\/wp\/v2\/posts\/323804\/revisions\/323808"}],"wp:featuredmedia":[{"embeddable":true,"href":"https:\/\/archive.sana.sy\/es\/index.php?rest_route=\/wp\/v2\/media\/323806"}],"wp:attachment":[{"href":"https:\/\/archive.sana.sy\/es\/index.php?rest_route=%2Fwp%2Fv2%2Fmedia&parent=323804"}],"wp:term":[{"taxonomy":"category","embeddable":true,"href":"https:\/\/archive.sana.sy\/es\/index.php?rest_route=%2Fwp%2Fv2%2Fcategories&post=323804"},{"taxonomy":"post_tag","embeddable":true,"href":"https:\/\/archive.sana.sy\/es\/index.php?rest_route=%2Fwp%2Fv2%2Ftags&post=323804"}],"curies":[{"name":"wp","href":"https:\/\/api.w.org\/{rel}","templated":true}]}}