{"id":323822,"date":"2024-03-04T14:30:51","date_gmt":"2024-03-04T11:30:51","guid":{"rendered":"https:\/\/sana.sy\/es\/?p=323822"},"modified":"2024-03-04T17:16:49","modified_gmt":"2024-03-04T14:16:49","slug":"rusia-destruye-el-segundo-tanque-estadounidense-abrams-en-ucrania","status":"publish","type":"post","link":"https:\/\/archive.sana.sy\/es\/?p=323822","title":{"rendered":"Rusia destruye el segundo tanque estadounidense Abrams en Ucrania"},"content":{"rendered":"<p style=\"text-align: justify;\"><strong><span style=\"color: #800000;\">M<\/span><span style=\"color: #800000;\">osc\u00fa, 4 mar (SANA)<\/span>\u00a0<\/strong> El Ministerio de Defensa de Rusia inform\u00f3 hoy que un tanque Abrams de fabricaci\u00f3n estadounidense fue destruido por las fuerzas rusas en la zona de Avd\u00e9yevka, en la Rep\u00fablica Popular de Donetsk.<\/p>\n<p style=\"text-align: justify;\">Se trata del segundo veh\u00edculo blindado de este tipo que queda fuera de combate en el conflicto ucraniano.<\/p>\n<p style=\"text-align: justify;\">De acuerdo con el corresponsal militar Alex\u00e1nder Kots, el Ej\u00e9rcito de Rusia hab\u00eda destruido el segundo tanque M1A1 Abrams con un dron kamikaze FPV Upyr, de producci\u00f3n rusa, cerca de la aldea de Berdychi.<\/p>\n<p style=\"text-align: justify;\">fm\/rr<\/p>\n","protected":false},"excerpt":{"rendered":"<p>Mosc\u00fa, 4 mar (SANA)\u00a0 El Ministerio de Defensa de Rusia inform\u00f3 hoy que un tanque Abrams de fabricaci\u00f3n estadounidense fue destruido por las fuerzas rusas en la zona de Avd\u00e9yevka, en la Rep\u00fablica Popular de Donetsk. Se trata del segundo veh\u00edculo blindado de este tipo que queda fuera de combate en el conflicto ucraniano. De &hellip;<\/p>\n","protected":false},"author":31,"featured_media":323823,"comment_status":"closed","ping_status":"closed","sticky":false,"template":"","format":"standard","meta":{"footnotes":""},"categories":[597,456,16687,7541],"tags":[7132,6695,20357],"class_list":["post-323822","post","type-post","status-publish","format-standard","has-post-thumbnail","","category-cinta-de-noticias","category-arabe-internacional-politica","category-internacionales","category-ultimas-noticias","tag-eeuu","tag-rusia","tag-ucrania"],"_links":{"self":[{"href":"https:\/\/archive.sana.sy\/es\/index.php?rest_route=\/wp\/v2\/posts\/323822"}],"collection":[{"href":"https:\/\/archive.sana.sy\/es\/index.php?rest_route=\/wp\/v2\/posts"}],"about":[{"href":"https:\/\/archive.sana.sy\/es\/index.php?rest_route=\/wp\/v2\/types\/post"}],"author":[{"embeddable":true,"href":"https:\/\/archive.sana.sy\/es\/index.php?rest_route=\/wp\/v2\/users\/31"}],"replies":[{"embeddable":true,"href":"https:\/\/archive.sana.sy\/es\/index.php?rest_route=%2Fwp%2Fv2%2Fcomments&post=323822"}],"version-history":[{"count":1,"href":"https:\/\/archive.sana.sy\/es\/index.php?rest_route=\/wp\/v2\/posts\/323822\/revisions"}],"predecessor-version":[{"id":323824,"href":"https:\/\/archive.sana.sy\/es\/index.php?rest_route=\/wp\/v2\/posts\/323822\/revisions\/323824"}],"wp:featuredmedia":[{"embeddable":true,"href":"https:\/\/archive.sana.sy\/es\/index.php?rest_route=\/wp\/v2\/media\/323823"}],"wp:attachment":[{"href":"https:\/\/archive.sana.sy\/es\/index.php?rest_route=%2Fwp%2Fv2%2Fmedia&parent=323822"}],"wp:term":[{"taxonomy":"category","embeddable":true,"href":"https:\/\/archive.sana.sy\/es\/index.php?rest_route=%2Fwp%2Fv2%2Fcategories&post=323822"},{"taxonomy":"post_tag","embeddable":true,"href":"https:\/\/archive.sana.sy\/es\/index.php?rest_route=%2Fwp%2Fv2%2Ftags&post=323822"}],"curies":[{"name":"wp","href":"https:\/\/api.w.org\/{rel}","templated":true}]}}