{"id":32385,"date":"2015-10-27T21:59:46","date_gmt":"2015-10-27T18:59:46","guid":{"rendered":"http:\/\/sana.sy\/es\/?p=32385"},"modified":"2015-10-27T21:59:46","modified_gmt":"2015-10-27T18:59:46","slug":"masum-reitera-la-firme-posicion-de-su-pais-en-buscar-una-solucion-pacifica-a-la-crisis-siria","status":"publish","type":"post","link":"https:\/\/archive.sana.sy\/es\/?p=32385","title":{"rendered":"Masum reitera la firme posici\u00f3n de su pa\u00eds en buscar una soluci\u00f3n pac\u00edfica a la crisis siria"},"content":{"rendered":"<p style=\"text-align: justify\"><span style=\"color: #800000\">Bagdad, SANA<\/span>&#8211; El presidente iraqu\u00ed, Fuad Masum, reiter\u00f3 la firme posici\u00f3n de su pa\u00eds en la necesidad de llegar a una soluci\u00f3n pac\u00edfica a la crisis en Siria y derrotar el terrorismo y restablecer la seguridad y la estabilidad en Siria y en la regi\u00f3n.<\/p>\n<p style=\"text-align: justify\">De acuerdo con un comunicado emitido por la presidencia iraqu\u00ed que recibi\u00f3 \/ SANA \/ recibi\u00f3 una copia del cual, el presidente iraqu\u00ed recibi\u00f3 en el Palacio de la Paz en Bagdad esta tarde el embajador de la Rep\u00fablica \u00c1rabe Siria, Satam Jadaan Al Dandah, llevando un mensaje de respuesta del presidente Bashar al-Assad, a su hom\u00f3logo iraqu\u00ed de felicitaci\u00f3n con motivo del Eid al-Adha.<\/p>\n<p style=\"text-align: justify\">El presidente expres\u00f3 sus deseos para que los esfuerzos internacionales tengan \u00e9xito para lograr una soluci\u00f3n pac\u00edfica a la crisis que amenaza la unidad de Siria, inform\u00f3 el comunicado.<\/p>\n<p style=\"text-align: justify\">El comunicado se\u00f1al\u00f3 que el Embajador sirio destac\u00f3 la importancia de la consulta y la coordinaci\u00f3n entre Siria e Iraq en todos los niveles con el fin de derrocar el terrorismo que sufren ambos pa\u00edses.<\/p>\n<p>M.Miri<\/p>\n","protected":false},"excerpt":{"rendered":"<p>Bagdad, SANA&#8211; El presidente iraqu\u00ed, Fuad Masum, reiter\u00f3 la firme posici\u00f3n de su pa\u00eds en la necesidad de llegar a una soluci\u00f3n pac\u00edfica a la crisis en Siria y derrotar el terrorismo y restablecer la seguridad y la estabilidad en Siria y en la regi\u00f3n. De acuerdo con un comunicado emitido por la presidencia iraqu\u00ed &hellip;<\/p>\n","protected":false},"author":1,"featured_media":32386,"comment_status":"closed","ping_status":"closed","sticky":false,"template":"","format":"standard","meta":{"footnotes":""},"categories":[456,457,576],"tags":[],"class_list":["post-32385","post","type-post","status-publish","format-standard","has-post-thumbnail","","category-arabe-internacional-politica","category-noticias-arabe-internacional-politica","category-noticias-politicas"],"_links":{"self":[{"href":"https:\/\/archive.sana.sy\/es\/index.php?rest_route=\/wp\/v2\/posts\/32385"}],"collection":[{"href":"https:\/\/archive.sana.sy\/es\/index.php?rest_route=\/wp\/v2\/posts"}],"about":[{"href":"https:\/\/archive.sana.sy\/es\/index.php?rest_route=\/wp\/v2\/types\/post"}],"author":[{"embeddable":true,"href":"https:\/\/archive.sana.sy\/es\/index.php?rest_route=\/wp\/v2\/users\/1"}],"replies":[{"embeddable":true,"href":"https:\/\/archive.sana.sy\/es\/index.php?rest_route=%2Fwp%2Fv2%2Fcomments&post=32385"}],"version-history":[{"count":0,"href":"https:\/\/archive.sana.sy\/es\/index.php?rest_route=\/wp\/v2\/posts\/32385\/revisions"}],"wp:featuredmedia":[{"embeddable":true,"href":"https:\/\/archive.sana.sy\/es\/index.php?rest_route=\/wp\/v2\/media\/32386"}],"wp:attachment":[{"href":"https:\/\/archive.sana.sy\/es\/index.php?rest_route=%2Fwp%2Fv2%2Fmedia&parent=32385"}],"wp:term":[{"taxonomy":"category","embeddable":true,"href":"https:\/\/archive.sana.sy\/es\/index.php?rest_route=%2Fwp%2Fv2%2Fcategories&post=32385"},{"taxonomy":"post_tag","embeddable":true,"href":"https:\/\/archive.sana.sy\/es\/index.php?rest_route=%2Fwp%2Fv2%2Ftags&post=32385"}],"curies":[{"name":"wp","href":"https:\/\/api.w.org\/{rel}","templated":true}]}}