{"id":323970,"date":"2024-03-06T14:32:00","date_gmt":"2024-03-06T11:32:00","guid":{"rendered":"https:\/\/sana.sy\/es\/?p=323970"},"modified":"2024-03-06T14:32:00","modified_gmt":"2024-03-06T11:32:00","slug":"los-mas-recientes-desarrollos-de-la-agresion-israeli-contra-gaza","status":"publish","type":"post","link":"https:\/\/archive.sana.sy\/es\/?p=323970","title":{"rendered":"Los m\u00e1s recientes desarrollos de la agresi\u00f3n israel\u00ed contra Gaza"},"content":{"rendered":"<p style=\"text-align: justify;\"><span style=\"color: #800000;\"><strong>Jerusal\u00e9n ocupada, 6 mar (SANA)<\/strong> <\/span><strong>Los acontecimientos m\u00e1s destacados del 152 d\u00eda de la brutal agresi\u00f3n de Israel contra la Franja de Gaza:<\/strong><\/p>\n<p style=\"text-align: justify;\">????????\u00a0Reportan muertos y heridos en ataque de las fuerzas de ocupaci\u00f3n israel\u00edes contra palestinos que intentaban obtener ayuda al norte de la ciudad de Gaza.<\/p>\n<p style=\"text-align: justify;\">???????? \u00a086 palestinos fueron asesinados por las fuerzas sionistas durante las \u00faltimas 24 horas en la Franja de Gaza.<\/p>\n<p style=\"text-align: justify;\">???????? Ministerio de Salud palestino: El n\u00famero de v\u00edctimas de la actual agresi\u00f3n israel\u00ed aument\u00f3 30.717 muertos y 72.156 heridos.<\/p>\n<p style=\"text-align: justify;\">???????? Ministerio de Salud palestino: Durante las \u00faltimas 24 horas, el ocupante israel\u00ed cometi\u00f3 9 masacres, cobrando la vida de 86 palestinos e hiriendo a otros 113.<\/p>\n<p style=\"text-align: justify;\">???????? \u00a0La resistencia palestina atac\u00f3 con proyectiles de mortero un cuartel general del enemigo israel\u00ed al sur de la ciudad de Gaza.<\/p>\n<p style=\"text-align: justify;\">???????? El Ministerio de Asuntos Exteriores palestino exige la apertura de todos los cruces para llevar ayuda a la Franja de Gaza.<\/p>\n<p style=\"text-align: justify;\">???????? \u00a0Muertos y heridos en bombardeo israel\u00ed contra Bani Suhaila en Khan Yunis, al sur de la Franja de Gaza.<\/p>\n","protected":false},"excerpt":{"rendered":"<p>Jerusal\u00e9n ocupada, 6 mar (SANA) Los acontecimientos m\u00e1s destacados del 152 d\u00eda de la brutal agresi\u00f3n de Israel contra la Franja de Gaza: ????????\u00a0Reportan muertos y heridos en ataque de las fuerzas de ocupaci\u00f3n israel\u00edes contra palestinos que intentaban obtener ayuda al norte de la ciudad de Gaza. ???????? \u00a086 palestinos fueron asesinados por las &hellip;<\/p>\n","protected":false},"author":42,"featured_media":323971,"comment_status":"closed","ping_status":"closed","sticky":false,"template":"","format":"standard","meta":{"footnotes":""},"categories":[597,456,16687,20724,583],"tags":[],"class_list":["post-323970","post","type-post","status-publish","format-standard","has-post-thumbnail","","category-cinta-de-noticias","category-arabe-internacional-politica","category-internacionales","category-minuto-a-minuto","category-slide"],"_links":{"self":[{"href":"https:\/\/archive.sana.sy\/es\/index.php?rest_route=\/wp\/v2\/posts\/323970"}],"collection":[{"href":"https:\/\/archive.sana.sy\/es\/index.php?rest_route=\/wp\/v2\/posts"}],"about":[{"href":"https:\/\/archive.sana.sy\/es\/index.php?rest_route=\/wp\/v2\/types\/post"}],"author":[{"embeddable":true,"href":"https:\/\/archive.sana.sy\/es\/index.php?rest_route=\/wp\/v2\/users\/42"}],"replies":[{"embeddable":true,"href":"https:\/\/archive.sana.sy\/es\/index.php?rest_route=%2Fwp%2Fv2%2Fcomments&post=323970"}],"version-history":[{"count":1,"href":"https:\/\/archive.sana.sy\/es\/index.php?rest_route=\/wp\/v2\/posts\/323970\/revisions"}],"predecessor-version":[{"id":323972,"href":"https:\/\/archive.sana.sy\/es\/index.php?rest_route=\/wp\/v2\/posts\/323970\/revisions\/323972"}],"wp:featuredmedia":[{"embeddable":true,"href":"https:\/\/archive.sana.sy\/es\/index.php?rest_route=\/wp\/v2\/media\/323971"}],"wp:attachment":[{"href":"https:\/\/archive.sana.sy\/es\/index.php?rest_route=%2Fwp%2Fv2%2Fmedia&parent=323970"}],"wp:term":[{"taxonomy":"category","embeddable":true,"href":"https:\/\/archive.sana.sy\/es\/index.php?rest_route=%2Fwp%2Fv2%2Fcategories&post=323970"},{"taxonomy":"post_tag","embeddable":true,"href":"https:\/\/archive.sana.sy\/es\/index.php?rest_route=%2Fwp%2Fv2%2Ftags&post=323970"}],"curies":[{"name":"wp","href":"https:\/\/api.w.org\/{rel}","templated":true}]}}