{"id":323973,"date":"2024-03-06T14:33:58","date_gmt":"2024-03-06T11:33:58","guid":{"rendered":"https:\/\/sana.sy\/es\/?p=323973"},"modified":"2024-03-06T14:33:58","modified_gmt":"2024-03-06T11:33:58","slug":"israel-escala-sus-ataques-contra-el-sur-del-libano","status":"publish","type":"post","link":"https:\/\/archive.sana.sy\/es\/?p=323973","title":{"rendered":"Israel escala sus ataques contra el sur del L\u00edbano"},"content":{"rendered":"<p style=\"text-align: justify;\"><span style=\"color: #800000;\"><strong>Beirut, 6 mar (SANA) <\/strong><\/span>Las fuerzas israel\u00edes intensificaron sus ataques contra aldeas y ciudades en el sur del L\u00edbano.<\/p>\n<p style=\"text-align: justify;\">La Agencia Nacional Libanesa de Noticias inform\u00f3 que la artiller\u00eda israel\u00ed bombarde\u00f3 con m\u00e1s de 20 proyectiles las afueras de la localidad de Yaroun en el \u00e1rea de Bint Jbeil.<\/p>\n<p style=\"text-align: justify;\">Mientras tanto, los aviones de reconocimiento sionistas lanzaron bengalas sobre los pueblos fronterizos.<\/p>\n<p style=\"text-align: justify;\">El ej\u00e9rcito israel\u00ed hab\u00eda lanzado incursiones violentas contra las ciudades y aldeas del sur del L\u00edbano, lo que provoc\u00f3 numerosos heridos y graves da\u00f1os materiales en las propiedades y las infraestructuras, particularmente las redes de agua y electricidad .<\/p>\n<p style=\"text-align: justify;\">Otros ataques a\u00e9reos apuntaron contra la localidad de Al-Dhahira y las afueras de Aita Al-Shaab, lo que ocasion\u00f3 da\u00f1os materiales en las propiedades.<\/p>\n<p style=\"text-align: justify;\">as\/fm<\/p>\n","protected":false},"excerpt":{"rendered":"<p>Beirut, 6 mar (SANA) Las fuerzas israel\u00edes intensificaron sus ataques contra aldeas y ciudades en el sur del L\u00edbano. La Agencia Nacional Libanesa de Noticias inform\u00f3 que la artiller\u00eda israel\u00ed bombarde\u00f3 con m\u00e1s de 20 proyectiles las afueras de la localidad de Yaroun en el \u00e1rea de Bint Jbeil. Mientras tanto, los aviones de reconocimiento &hellip;<\/p>\n","protected":false},"author":42,"featured_media":323974,"comment_status":"closed","ping_status":"closed","sticky":false,"template":"","format":"standard","meta":{"footnotes":""},"categories":[597,456,16687,20724,7541],"tags":[],"class_list":["post-323973","post","type-post","status-publish","format-standard","has-post-thumbnail","","category-cinta-de-noticias","category-arabe-internacional-politica","category-internacionales","category-minuto-a-minuto","category-ultimas-noticias"],"_links":{"self":[{"href":"https:\/\/archive.sana.sy\/es\/index.php?rest_route=\/wp\/v2\/posts\/323973"}],"collection":[{"href":"https:\/\/archive.sana.sy\/es\/index.php?rest_route=\/wp\/v2\/posts"}],"about":[{"href":"https:\/\/archive.sana.sy\/es\/index.php?rest_route=\/wp\/v2\/types\/post"}],"author":[{"embeddable":true,"href":"https:\/\/archive.sana.sy\/es\/index.php?rest_route=\/wp\/v2\/users\/42"}],"replies":[{"embeddable":true,"href":"https:\/\/archive.sana.sy\/es\/index.php?rest_route=%2Fwp%2Fv2%2Fcomments&post=323973"}],"version-history":[{"count":1,"href":"https:\/\/archive.sana.sy\/es\/index.php?rest_route=\/wp\/v2\/posts\/323973\/revisions"}],"predecessor-version":[{"id":323975,"href":"https:\/\/archive.sana.sy\/es\/index.php?rest_route=\/wp\/v2\/posts\/323973\/revisions\/323975"}],"wp:featuredmedia":[{"embeddable":true,"href":"https:\/\/archive.sana.sy\/es\/index.php?rest_route=\/wp\/v2\/media\/323974"}],"wp:attachment":[{"href":"https:\/\/archive.sana.sy\/es\/index.php?rest_route=%2Fwp%2Fv2%2Fmedia&parent=323973"}],"wp:term":[{"taxonomy":"category","embeddable":true,"href":"https:\/\/archive.sana.sy\/es\/index.php?rest_route=%2Fwp%2Fv2%2Fcategories&post=323973"},{"taxonomy":"post_tag","embeddable":true,"href":"https:\/\/archive.sana.sy\/es\/index.php?rest_route=%2Fwp%2Fv2%2Ftags&post=323973"}],"curies":[{"name":"wp","href":"https:\/\/api.w.org\/{rel}","templated":true}]}}