{"id":323976,"date":"2024-03-06T14:41:51","date_gmt":"2024-03-06T11:41:51","guid":{"rendered":"https:\/\/sana.sy\/es\/?p=323976"},"modified":"2024-03-06T14:41:51","modified_gmt":"2024-03-06T11:41:51","slug":"siria-e-iran-analizan-cooperacion-en-el-ambito-de-salud","status":"publish","type":"post","link":"https:\/\/archive.sana.sy\/es\/?p=323976","title":{"rendered":"Siria e Ir\u00e1n analizan cooperaci\u00f3n en el \u00e1mbito de salud"},"content":{"rendered":"<p style=\"text-align: justify;\"><span style=\"color: #800000;\"><strong>Damasco, 6 mar (SANA)<\/strong> <\/span>El ministro sirio de Salud, Hassan Al-Ghobash, repas\u00f3 hoy con el embajador de la Rep\u00fablica Isl\u00e1mica de Ir\u00e1n en Damasco, Hussein Akbari, las formas de mejorar la cooperaci\u00f3n y coordinaci\u00f3n entre los dos pa\u00edses en el campo de la salud.<\/p>\n<p style=\"text-align: justify;\">Durante una reuni\u00f3n sostenida en la sede del Ministerio, Al-Ghobash destac\u00f3 las s\u00f3lidas relaciones entre los dos pa\u00edses en todos los niveles, y subray\u00f3 la importancia de desarrollar la cooperaci\u00f3n en el campo de la atenci\u00f3n de salud, la ense\u00f1anza m\u00e9dica y sanitaria, la investigaci\u00f3n cient\u00edfica y tecnol\u00f3gica, y en la esfera de los medicamentos y equipos m\u00e9dicos.<\/p>\n<p style=\"text-align: justify;\">El titular llam\u00f3 a desarrollar la cooperaci\u00f3n farmac\u00e9utica y en equipos m\u00e9dicos, as\u00ed como intercambiar experiencias.<br \/>\nA su vez, el embajador persa destac\u00f3 la importancia de activar la cooperaci\u00f3n bilateral en los sectores sanitario y cient\u00edfico entre los dos pa\u00edses.<\/p>\n<p style=\"text-align: justify;\">Destac\u00f3 el inter\u00e9s del Ministerio de Salud iran\u00ed en fortalecer la cooperaci\u00f3n con el Ministerio de Salud sirio en el campo de las industrias farmac\u00e9uticas, equipos y suministros m\u00e9dicos, adem\u00e1s del intercambio de estudiantes y profesores a nivel de universidades y centros de investigaci\u00f3n.<\/p>\n<p style=\"text-align: justify;\">fm\/as<\/p>\n","protected":false},"excerpt":{"rendered":"<p>Damasco, 6 mar (SANA) El ministro sirio de Salud, Hassan Al-Ghobash, repas\u00f3 hoy con el embajador de la Rep\u00fablica Isl\u00e1mica de Ir\u00e1n en Damasco, Hussein Akbari, las formas de mejorar la cooperaci\u00f3n y coordinaci\u00f3n entre los dos pa\u00edses en el campo de la salud. Durante una reuni\u00f3n sostenida en la sede del Ministerio, Al-Ghobash destac\u00f3 &hellip;<\/p>\n","protected":false},"author":42,"featured_media":323977,"comment_status":"closed","ping_status":"closed","sticky":false,"template":"","format":"standard","meta":{"footnotes":""},"categories":[597,20724,467,7541],"tags":[],"class_list":["post-323976","post","type-post","status-publish","format-standard","has-post-thumbnail","","category-cinta-de-noticias","category-minuto-a-minuto","category-siria-y-el-mundo","category-ultimas-noticias"],"_links":{"self":[{"href":"https:\/\/archive.sana.sy\/es\/index.php?rest_route=\/wp\/v2\/posts\/323976"}],"collection":[{"href":"https:\/\/archive.sana.sy\/es\/index.php?rest_route=\/wp\/v2\/posts"}],"about":[{"href":"https:\/\/archive.sana.sy\/es\/index.php?rest_route=\/wp\/v2\/types\/post"}],"author":[{"embeddable":true,"href":"https:\/\/archive.sana.sy\/es\/index.php?rest_route=\/wp\/v2\/users\/42"}],"replies":[{"embeddable":true,"href":"https:\/\/archive.sana.sy\/es\/index.php?rest_route=%2Fwp%2Fv2%2Fcomments&post=323976"}],"version-history":[{"count":1,"href":"https:\/\/archive.sana.sy\/es\/index.php?rest_route=\/wp\/v2\/posts\/323976\/revisions"}],"predecessor-version":[{"id":323978,"href":"https:\/\/archive.sana.sy\/es\/index.php?rest_route=\/wp\/v2\/posts\/323976\/revisions\/323978"}],"wp:featuredmedia":[{"embeddable":true,"href":"https:\/\/archive.sana.sy\/es\/index.php?rest_route=\/wp\/v2\/media\/323977"}],"wp:attachment":[{"href":"https:\/\/archive.sana.sy\/es\/index.php?rest_route=%2Fwp%2Fv2%2Fmedia&parent=323976"}],"wp:term":[{"taxonomy":"category","embeddable":true,"href":"https:\/\/archive.sana.sy\/es\/index.php?rest_route=%2Fwp%2Fv2%2Fcategories&post=323976"},{"taxonomy":"post_tag","embeddable":true,"href":"https:\/\/archive.sana.sy\/es\/index.php?rest_route=%2Fwp%2Fv2%2Ftags&post=323976"}],"curies":[{"name":"wp","href":"https:\/\/api.w.org\/{rel}","templated":true}]}}