{"id":323979,"date":"2024-03-06T16:06:55","date_gmt":"2024-03-06T13:06:55","guid":{"rendered":"https:\/\/sana.sy\/es\/?p=323979"},"modified":"2024-03-06T19:21:58","modified_gmt":"2024-03-06T16:21:58","slug":"canciller-sirio-presente-en-las-reuniones-del-161o-periodo-ordinario-de-sesiones-del-consejo-de-la-liga-arabe","status":"publish","type":"post","link":"https:\/\/archive.sana.sy\/es\/?p=323979","title":{"rendered":"Canciller sirio presente en las reuniones del 161\u00ba per\u00edodo ordinario de sesiones del Consejo de la Liga \u00c1rabe"},"content":{"rendered":"<p style=\"text-align: justify\"><span style=\"color: #800000\"><strong>El Cairo, 6 mar (SANA)<\/strong><\/span> Iniciaron las reuniones del 161\u00ba per\u00edodo ordinario de sesiones del Consejo de la Liga \u00c1rabe que se celebra a nivel ministerial.<\/p>\n<p style=\"text-align: justify\">En estas reuniones, que se celebran en la sede de la Liga \u00c1rabe en la capital egipcia El Cairo, est\u00e1 presente el ministro de Asuntos Exteriores y Expatriados de Siria, Faisal Al-Mekdad.<\/p>\n<p style=\"text-align: justify\">fm\/as<\/p>\n","protected":false},"excerpt":{"rendered":"<p>El Cairo, 6 mar (SANA) Iniciaron las reuniones del 161\u00ba per\u00edodo ordinario de sesiones del Consejo de la Liga \u00c1rabe que se celebra a nivel ministerial. En estas reuniones, que se celebran en la sede de la Liga \u00c1rabe en la capital egipcia El Cairo, est\u00e1 presente el ministro de Asuntos Exteriores y Expatriados de &hellip;<\/p>\n","protected":false},"author":42,"featured_media":323980,"comment_status":"closed","ping_status":"closed","sticky":false,"template":"","format":"standard","meta":{"footnotes":""},"categories":[597,20724,467],"tags":[],"class_list":["post-323979","post","type-post","status-publish","format-standard","has-post-thumbnail","","category-cinta-de-noticias","category-minuto-a-minuto","category-siria-y-el-mundo"],"_links":{"self":[{"href":"https:\/\/archive.sana.sy\/es\/index.php?rest_route=\/wp\/v2\/posts\/323979"}],"collection":[{"href":"https:\/\/archive.sana.sy\/es\/index.php?rest_route=\/wp\/v2\/posts"}],"about":[{"href":"https:\/\/archive.sana.sy\/es\/index.php?rest_route=\/wp\/v2\/types\/post"}],"author":[{"embeddable":true,"href":"https:\/\/archive.sana.sy\/es\/index.php?rest_route=\/wp\/v2\/users\/42"}],"replies":[{"embeddable":true,"href":"https:\/\/archive.sana.sy\/es\/index.php?rest_route=%2Fwp%2Fv2%2Fcomments&post=323979"}],"version-history":[{"count":2,"href":"https:\/\/archive.sana.sy\/es\/index.php?rest_route=\/wp\/v2\/posts\/323979\/revisions"}],"predecessor-version":[{"id":324009,"href":"https:\/\/archive.sana.sy\/es\/index.php?rest_route=\/wp\/v2\/posts\/323979\/revisions\/324009"}],"wp:featuredmedia":[{"embeddable":true,"href":"https:\/\/archive.sana.sy\/es\/index.php?rest_route=\/wp\/v2\/media\/323980"}],"wp:attachment":[{"href":"https:\/\/archive.sana.sy\/es\/index.php?rest_route=%2Fwp%2Fv2%2Fmedia&parent=323979"}],"wp:term":[{"taxonomy":"category","embeddable":true,"href":"https:\/\/archive.sana.sy\/es\/index.php?rest_route=%2Fwp%2Fv2%2Fcategories&post=323979"},{"taxonomy":"post_tag","embeddable":true,"href":"https:\/\/archive.sana.sy\/es\/index.php?rest_route=%2Fwp%2Fv2%2Ftags&post=323979"}],"curies":[{"name":"wp","href":"https:\/\/api.w.org\/{rel}","templated":true}]}}