{"id":324002,"date":"2024-03-06T18:19:32","date_gmt":"2024-03-06T15:19:32","guid":{"rendered":"https:\/\/sana.sy\/es\/?p=324002"},"modified":"2024-03-06T18:19:32","modified_gmt":"2024-03-06T15:19:32","slug":"drones-de-la-resistencia-iraqui-bombardean-el-aeropuerto-israeli-de-kiryat-shemona","status":"publish","type":"post","link":"https:\/\/archive.sana.sy\/es\/?p=324002","title":{"rendered":"Drones de la Resistencia iraqu\u00ed bombardean el aeropuerto israel\u00ed de Kiryat Shemona"},"content":{"rendered":"<p style=\"text-align: justify\"><span style=\"color: #800000\"><strong>Bagdad, 06 mar (SANA)<\/strong><\/span> \u00a0La Resistencia iraqu\u00ed atac\u00f3 con drones a fuerzas israel\u00edes en el aeropuerto de Kiryat Shemona, provocando impactos directos.<\/p>\n<p style=\"text-align: justify\">\u00a0\u201cEn apoyo a nuestro pueblo en Gaza y en respuesta a las masacres sionistas contra civiles palestinos indefensos, nuestros drones bombardearon esta tarde el aeropuerto de Kiryat Shemona en Palestina ocupada\u201d.<\/p>\n<p style=\"text-align: justify\">La resistencia afirm\u00f3 que este ataque se produce en el marco de la segunda fase de las operaciones destinadas a luchar contra el ocupante, y asegur\u00f3 que sus combatientes seguir\u00e1n destruyendo las fortalezas enemigas.<\/p>\n<p>la<\/p>\n","protected":false},"excerpt":{"rendered":"<p>Bagdad, 06 mar (SANA) \u00a0La Resistencia iraqu\u00ed atac\u00f3 con drones a fuerzas israel\u00edes en el aeropuerto de Kiryat Shemona, provocando impactos directos. \u00a0\u201cEn apoyo a nuestro pueblo en Gaza y en respuesta a las masacres sionistas contra civiles palestinos indefensos, nuestros drones bombardearon esta tarde el aeropuerto de Kiryat Shemona en Palestina ocupada\u201d. La resistencia &hellip;<\/p>\n","protected":false},"author":24,"featured_media":324003,"comment_status":"closed","ping_status":"closed","sticky":false,"template":"","format":"standard","meta":{"footnotes":""},"categories":[597,456,16687,20724,7541],"tags":[],"class_list":["post-324002","post","type-post","status-publish","format-standard","has-post-thumbnail","","category-cinta-de-noticias","category-arabe-internacional-politica","category-internacionales","category-minuto-a-minuto","category-ultimas-noticias"],"_links":{"self":[{"href":"https:\/\/archive.sana.sy\/es\/index.php?rest_route=\/wp\/v2\/posts\/324002"}],"collection":[{"href":"https:\/\/archive.sana.sy\/es\/index.php?rest_route=\/wp\/v2\/posts"}],"about":[{"href":"https:\/\/archive.sana.sy\/es\/index.php?rest_route=\/wp\/v2\/types\/post"}],"author":[{"embeddable":true,"href":"https:\/\/archive.sana.sy\/es\/index.php?rest_route=\/wp\/v2\/users\/24"}],"replies":[{"embeddable":true,"href":"https:\/\/archive.sana.sy\/es\/index.php?rest_route=%2Fwp%2Fv2%2Fcomments&post=324002"}],"version-history":[{"count":1,"href":"https:\/\/archive.sana.sy\/es\/index.php?rest_route=\/wp\/v2\/posts\/324002\/revisions"}],"predecessor-version":[{"id":324004,"href":"https:\/\/archive.sana.sy\/es\/index.php?rest_route=\/wp\/v2\/posts\/324002\/revisions\/324004"}],"wp:featuredmedia":[{"embeddable":true,"href":"https:\/\/archive.sana.sy\/es\/index.php?rest_route=\/wp\/v2\/media\/324003"}],"wp:attachment":[{"href":"https:\/\/archive.sana.sy\/es\/index.php?rest_route=%2Fwp%2Fv2%2Fmedia&parent=324002"}],"wp:term":[{"taxonomy":"category","embeddable":true,"href":"https:\/\/archive.sana.sy\/es\/index.php?rest_route=%2Fwp%2Fv2%2Fcategories&post=324002"},{"taxonomy":"post_tag","embeddable":true,"href":"https:\/\/archive.sana.sy\/es\/index.php?rest_route=%2Fwp%2Fv2%2Ftags&post=324002"}],"curies":[{"name":"wp","href":"https:\/\/api.w.org\/{rel}","templated":true}]}}