{"id":324005,"date":"2024-03-06T19:21:10","date_gmt":"2024-03-06T16:21:10","guid":{"rendered":"https:\/\/sana.sy\/es\/?p=324005"},"modified":"2024-03-06T19:22:16","modified_gmt":"2024-03-06T16:22:16","slug":"washington-es-complice-de-israel-en-el-derramamiento-de-la-sangre-palestina-expresa-al-mekdad-ante-el-consejo-de-la-liga-arabe","status":"publish","type":"post","link":"https:\/\/archive.sana.sy\/es\/?p=324005","title":{"rendered":"Washington es c\u00f3mplice de \u201cIsrael\u201d en el derramamiento de la sangre palestina, expresa al-Mekdad ante el Consejo de la Liga \u00c1rabe"},"content":{"rendered":"<p style=\"text-align: justify\"><strong><span style=\"color: #800000\">El Cairo, 06 mar (SANA)<\/span><\/strong> El ministro de Asuntos Exteriores y Expatriados, Faisal Al-Mekdad, afirm\u00f3 que el apoyo incondicional de Estados Unidos al ocupante israel\u00ed y la serie de vetos que present\u00f3 este pa\u00eds ante el Consejo de Seguridad de la ONU para abortar los proyectos de resoluciones destinados a alcanzar un alto el fuego en Gaza demuestran una vez m\u00e1s la complicidad de Washington en el derramamiento de la sangre palestina.<\/p>\n<p style=\"text-align: justify\">El jefe de la diplomacia siria pronunci\u00f3 estas palabras en la reuni\u00f3n del Consejo de la Liga \u00c1rabe a nivel ministerial en El Cairo que se celebr\u00f3 en el marco del 161\u00ba per\u00edodo ordinario de sesiones.<\/p>\n<p style=\"text-align: justify\">\u201cNi el n\u00famero de d\u00edas de la agresi\u00f3n, los 152 d\u00edas, ni el n\u00famero de v\u00edctimas de m\u00e1rtires y heridos, que lleg\u00f3 a decenas de miles, ni el n\u00famero de bombas y explosivos utilizados en la agresi\u00f3n, que ascendi\u00f3 a miles de toneladas, conmovieron las conciencias de los pa\u00edses que apoyan a la entidad sionista y que son c\u00f3mplices de sus cr\u00edmenes, encabezados por EEUU\u201d, denunci\u00f3 el Canciller sirio.<\/p>\n<p style=\"text-align: justify\">Resalt\u00f3 que los vetos estadounidenses utilizados contra el reciente proyecto de resoluci\u00f3n \u00e1rabe presentado por Argelia ante el CSNU sobre Gaza, y contra otro proyecto de declaraci\u00f3n presidencial sobre la masacre de la calle Al-Rashid, en la que al menos mil palestinos resultaron entre m\u00e1rtires y heridos, son las mejores pruebas de la involucraci\u00f3n de Estados Unidos en los cr\u00edmenes y las violaciones israel\u00edes del derecho internacional y humanitario.<\/p>\n<p style=\"text-align: justify\">Destac\u00f3 que la creciente escalada israel\u00ed en la regi\u00f3n a trav\u00e9s de sus repetidas agresiones contra los civiles y las instalaciones vitales en Siria y el L\u00edbano se ha convertido en una amenaza real para la paz y la seguridad internacionales.<\/p>\n<p style=\"text-align: justify\">Por otro lado, el jefe de la diplomacia siria valor\u00f3 altamente las honorables posturas solidarias \u00a0de \u00c1frica, Brasil, Venezuela, Bolivia \u00a0con los indefensos palestinos en Gaza , as\u00ed como agradeci\u00f3 a Rusia y China por su constante apoyo a las causas \u00e1rabes justas, especialmente los derechos leg\u00edtimos del pueblo palestino y la necesidad de poner fin a la ocupaci\u00f3n israel\u00ed de todos los territorios \u00e1rabes, incluido el Gol\u00e1n sirio.<\/p>\n<p style=\"text-align: justify\">Resalt\u00f3 la necesidad de marchar hacia un mundo multipolar que ponga fin a la hegemon\u00eda estadounidense y devuelva \u00a0la vida al sistema internacional bas\u00e1ndose en el respeto a las normas del derecho internacional y los principios de justicia e igualdad.<\/p>\n<p style=\"text-align: justify\">En otro contexto, conden\u00f3 el uso de las medidas coercitivas unilaterales como arma de guerra contra todos los pa\u00edses y pueblos libres que rechazan las presiones y dictados de Occidente.<\/p>\n<p style=\"text-align: justify\">Marc\u00f3 que estas medidas ilegales, adem\u00e1s de la presencia de las fuerzas de ocupaci\u00f3n turcas y estadounidenses sobre el territorio sirio, constituyen ahora el obst\u00e1culo principal ante los esfuerzos del gobierno sirio por reconstruir e implementar proyectos de recuperaci\u00f3n econ\u00f3mica.<\/p>\n<p style=\"text-align: justify\">Expres\u00f3 que Siria espera que los hermanos \u00e1rabes la apoyen para romper el bloque econ\u00f3mico inhumano impuesto por Occidente al pueblo sirio y para iniciar proyectos de recuperaci\u00f3n temprana, que sin duda contribuir\u00e1n al retorno de la estabilidad a todas partes del pa\u00eds y al regreso de los refugiados.<\/p>\n<p style=\"text-align: justify\">la<\/p>\n","protected":false},"excerpt":{"rendered":"<p>El Cairo, 06 mar (SANA) El ministro de Asuntos Exteriores y Expatriados, Faisal Al-Mekdad, afirm\u00f3 que el apoyo incondicional de Estados Unidos al ocupante israel\u00ed y la serie de vetos que present\u00f3 este pa\u00eds ante el Consejo de Seguridad de la ONU para abortar los proyectos de resoluciones destinados a alcanzar un alto el fuego &hellip;<\/p>\n","protected":false},"author":24,"featured_media":324006,"comment_status":"closed","ping_status":"closed","sticky":false,"template":"","format":"standard","meta":{"footnotes":""},"categories":[447,597,20724,467,583],"tags":[],"class_list":["post-324005","post","type-post","status-publish","format-standard","has-post-thumbnail","","category-local-politica","category-cinta-de-noticias","category-minuto-a-minuto","category-siria-y-el-mundo","category-slide"],"_links":{"self":[{"href":"https:\/\/archive.sana.sy\/es\/index.php?rest_route=\/wp\/v2\/posts\/324005"}],"collection":[{"href":"https:\/\/archive.sana.sy\/es\/index.php?rest_route=\/wp\/v2\/posts"}],"about":[{"href":"https:\/\/archive.sana.sy\/es\/index.php?rest_route=\/wp\/v2\/types\/post"}],"author":[{"embeddable":true,"href":"https:\/\/archive.sana.sy\/es\/index.php?rest_route=\/wp\/v2\/users\/24"}],"replies":[{"embeddable":true,"href":"https:\/\/archive.sana.sy\/es\/index.php?rest_route=%2Fwp%2Fv2%2Fcomments&post=324005"}],"version-history":[{"count":2,"href":"https:\/\/archive.sana.sy\/es\/index.php?rest_route=\/wp\/v2\/posts\/324005\/revisions"}],"predecessor-version":[{"id":324008,"href":"https:\/\/archive.sana.sy\/es\/index.php?rest_route=\/wp\/v2\/posts\/324005\/revisions\/324008"}],"wp:featuredmedia":[{"embeddable":true,"href":"https:\/\/archive.sana.sy\/es\/index.php?rest_route=\/wp\/v2\/media\/324006"}],"wp:attachment":[{"href":"https:\/\/archive.sana.sy\/es\/index.php?rest_route=%2Fwp%2Fv2%2Fmedia&parent=324005"}],"wp:term":[{"taxonomy":"category","embeddable":true,"href":"https:\/\/archive.sana.sy\/es\/index.php?rest_route=%2Fwp%2Fv2%2Fcategories&post=324005"},{"taxonomy":"post_tag","embeddable":true,"href":"https:\/\/archive.sana.sy\/es\/index.php?rest_route=%2Fwp%2Fv2%2Ftags&post=324005"}],"curies":[{"name":"wp","href":"https:\/\/api.w.org\/{rel}","templated":true}]}}