{"id":324010,"date":"2024-03-06T19:41:31","date_gmt":"2024-03-06T16:41:31","guid":{"rendered":"https:\/\/sana.sy\/es\/?p=324010"},"modified":"2024-03-06T19:41:31","modified_gmt":"2024-03-06T16:41:31","slug":"el-numero-de-victimas-de-la-guerra-de-hambre-que-practica-israel-en-la-franja-de-gaza-ha-aumentado-a-20-martires-tras-el-fallecimiento-de-un-menor-de-edad-en-el-complejo-medico-al-shifa-y-de-una","status":"publish","type":"post","link":"https:\/\/archive.sana.sy\/es\/?p=324010","title":{"rendered":"El n\u00famero de v\u00edctimas de la guerra de hambre que practica  &#8220;Israel&#8221; en la Franja de Gaza ha aumentado a 20 m\u00e1rtires tras el fallecimiento de un menor de edad en el Complejo M\u00e9dico Al-Shifa y de una persona de  72 a\u00f1os en el Hospital Kamal Adwan, confirma Ministerio de Salud palestino."},"content":{"rendered":"","protected":false},"excerpt":{"rendered":"","protected":false},"author":24,"featured_media":0,"comment_status":"closed","ping_status":"closed","sticky":false,"template":"","format":"standard","meta":{"footnotes":""},"categories":[20724],"tags":[],"class_list":["post-324010","post","type-post","status-publish","format-standard","","category-minuto-a-minuto"],"_links":{"self":[{"href":"https:\/\/archive.sana.sy\/es\/index.php?rest_route=\/wp\/v2\/posts\/324010"}],"collection":[{"href":"https:\/\/archive.sana.sy\/es\/index.php?rest_route=\/wp\/v2\/posts"}],"about":[{"href":"https:\/\/archive.sana.sy\/es\/index.php?rest_route=\/wp\/v2\/types\/post"}],"author":[{"embeddable":true,"href":"https:\/\/archive.sana.sy\/es\/index.php?rest_route=\/wp\/v2\/users\/24"}],"replies":[{"embeddable":true,"href":"https:\/\/archive.sana.sy\/es\/index.php?rest_route=%2Fwp%2Fv2%2Fcomments&post=324010"}],"version-history":[{"count":1,"href":"https:\/\/archive.sana.sy\/es\/index.php?rest_route=\/wp\/v2\/posts\/324010\/revisions"}],"predecessor-version":[{"id":324011,"href":"https:\/\/archive.sana.sy\/es\/index.php?rest_route=\/wp\/v2\/posts\/324010\/revisions\/324011"}],"wp:attachment":[{"href":"https:\/\/archive.sana.sy\/es\/index.php?rest_route=%2Fwp%2Fv2%2Fmedia&parent=324010"}],"wp:term":[{"taxonomy":"category","embeddable":true,"href":"https:\/\/archive.sana.sy\/es\/index.php?rest_route=%2Fwp%2Fv2%2Fcategories&post=324010"},{"taxonomy":"post_tag","embeddable":true,"href":"https:\/\/archive.sana.sy\/es\/index.php?rest_route=%2Fwp%2Fv2%2Ftags&post=324010"}],"curies":[{"name":"wp","href":"https:\/\/api.w.org\/{rel}","templated":true}]}}