{"id":324020,"date":"2024-03-07T06:16:31","date_gmt":"2024-03-07T03:16:31","guid":{"rendered":"https:\/\/sana.sy\/es\/?p=324020"},"modified":"2024-03-07T06:16:31","modified_gmt":"2024-03-07T03:16:31","slug":"reportan-nueva-agresion-de-eeuu-y-reino-unido-contra-un-aeropuerto-en-yemen","status":"publish","type":"post","link":"https:\/\/archive.sana.sy\/es\/?p=324020","title":{"rendered":"Reportan nueva agresi\u00f3n de EEUU y Reino Unido contra un aeropuerto en Yemen"},"content":{"rendered":"<p style=\"text-align: justify;\"><span style=\"color: #800000;\"><strong>San\u00e1, 7 mar (SANA)<\/strong> <\/span>Las fuerzas estadounidenses y brit\u00e1nicas atacaron hoy el aeropuerto internacional yemen\u00ed de Hodeidah.<\/p>\n<p style=\"text-align: justify;\">Los medios de prensa yemen\u00edes informaron que dos incursiones a\u00e9reas apuntaron contra la referida terminal a\u00e9rea.<\/p>\n<p style=\"text-align: justify;\">La v\u00edspera, una similar agresi\u00f3n estadounidense-brit\u00e1nica apunt\u00f3 contra la zona de Al-Jabbana, al oeste de la ciudad de Hodeidah, y la zona de Ras Issa en el distrito de Al-Salif.<\/p>\n<p style=\"text-align: justify;\">fm<\/p>\n","protected":false},"excerpt":{"rendered":"<p>San\u00e1, 7 mar (SANA) Las fuerzas estadounidenses y brit\u00e1nicas atacaron hoy el aeropuerto internacional yemen\u00ed de Hodeidah. Los medios de prensa yemen\u00edes informaron que dos incursiones a\u00e9reas apuntaron contra la referida terminal a\u00e9rea. La v\u00edspera, una similar agresi\u00f3n estadounidense-brit\u00e1nica apunt\u00f3 contra la zona de Al-Jabbana, al oeste de la ciudad de Hodeidah, y la zona &hellip;<\/p>\n","protected":false},"author":34,"featured_media":324021,"comment_status":"closed","ping_status":"closed","sticky":false,"template":"","format":"standard","meta":{"footnotes":""},"categories":[597,456,20724,7541],"tags":[],"class_list":["post-324020","post","type-post","status-publish","format-standard","has-post-thumbnail","","category-cinta-de-noticias","category-arabe-internacional-politica","category-minuto-a-minuto","category-ultimas-noticias"],"_links":{"self":[{"href":"https:\/\/archive.sana.sy\/es\/index.php?rest_route=\/wp\/v2\/posts\/324020"}],"collection":[{"href":"https:\/\/archive.sana.sy\/es\/index.php?rest_route=\/wp\/v2\/posts"}],"about":[{"href":"https:\/\/archive.sana.sy\/es\/index.php?rest_route=\/wp\/v2\/types\/post"}],"author":[{"embeddable":true,"href":"https:\/\/archive.sana.sy\/es\/index.php?rest_route=\/wp\/v2\/users\/34"}],"replies":[{"embeddable":true,"href":"https:\/\/archive.sana.sy\/es\/index.php?rest_route=%2Fwp%2Fv2%2Fcomments&post=324020"}],"version-history":[{"count":1,"href":"https:\/\/archive.sana.sy\/es\/index.php?rest_route=\/wp\/v2\/posts\/324020\/revisions"}],"predecessor-version":[{"id":324022,"href":"https:\/\/archive.sana.sy\/es\/index.php?rest_route=\/wp\/v2\/posts\/324020\/revisions\/324022"}],"wp:featuredmedia":[{"embeddable":true,"href":"https:\/\/archive.sana.sy\/es\/index.php?rest_route=\/wp\/v2\/media\/324021"}],"wp:attachment":[{"href":"https:\/\/archive.sana.sy\/es\/index.php?rest_route=%2Fwp%2Fv2%2Fmedia&parent=324020"}],"wp:term":[{"taxonomy":"category","embeddable":true,"href":"https:\/\/archive.sana.sy\/es\/index.php?rest_route=%2Fwp%2Fv2%2Fcategories&post=324020"},{"taxonomy":"post_tag","embeddable":true,"href":"https:\/\/archive.sana.sy\/es\/index.php?rest_route=%2Fwp%2Fv2%2Ftags&post=324020"}],"curies":[{"name":"wp","href":"https:\/\/api.w.org\/{rel}","templated":true}]}}