{"id":324023,"date":"2024-03-07T06:25:45","date_gmt":"2024-03-07T03:25:45","guid":{"rendered":"https:\/\/sana.sy\/es\/?p=324023"},"modified":"2024-03-07T06:25:45","modified_gmt":"2024-03-07T03:25:45","slug":"lula-da-silva-reitera-que-lo-que-ocurre-en-gaza-es-una-guerra-genocida","status":"publish","type":"post","link":"https:\/\/archive.sana.sy\/es\/?p=324023","title":{"rendered":"Lula da Silva reitera que \u201clo que ocurre en Gaza es una guerra genocida\u201d"},"content":{"rendered":"<p style=\"text-align: justify;\"><span style=\"color: #800000;\"><strong>Brasilia, 7 mar (SANA)\u00a0<\/strong> <\/span>El presidente brasile\u00f1o, Luiz In\u00e1cio Lula da Silva, reiter\u00f3 hoy que lo que est\u00e1 sucediendo en la Franja de Gaza es una guerra genocida y subray\u00f3 la necesidad de que el Consejo de Seguridad de la ONU tome medidas para detener la actual agresi\u00f3n israel\u00ed.<\/p>\n<p style=\"text-align: justify;\">Las im\u00e1genes horribles y brutales que llegan desde Gaza confirman que lo que est\u00e1 ocurriendo es un genocidio que se cobr\u00f3 la vida de m\u00e1s de 30.000 palestinos, la mayor\u00eda son mujeres y ni\u00f1os, dijo Da Silva en una conferencia de prensa, y pidi\u00f3 un alto el fuego inmediato y facilitar la llegada de ayuda humanitaria.<\/p>\n<p style=\"text-align: justify;\">A su vez, Sud\u00e1frica reclam\u00f3 a la Corte Internacional de Justicia imponer nuevas medidas de emergencia a la entidad ocupante debido a la hambruna generalizada que se registra en la Franja de Gaza como consecuencia de la agresi\u00f3n.<\/p>\n<p style=\"text-align: justify;\">Pretoria explic\u00f3 que su solicitud podr\u00eda ser la \u00faltima oportunidad que tiene este tribunal para salvar al pueblo palestino de morirse por hambre.<\/p>\n<p style=\"text-align: justify;\">fm<\/p>\n","protected":false},"excerpt":{"rendered":"<p>Brasilia, 7 mar (SANA)\u00a0 El presidente brasile\u00f1o, Luiz In\u00e1cio Lula da Silva, reiter\u00f3 hoy que lo que est\u00e1 sucediendo en la Franja de Gaza es una guerra genocida y subray\u00f3 la necesidad de que el Consejo de Seguridad de la ONU tome medidas para detener la actual agresi\u00f3n israel\u00ed. Las im\u00e1genes horribles y brutales que &hellip;<\/p>\n","protected":false},"author":34,"featured_media":324024,"comment_status":"closed","ping_status":"closed","sticky":false,"template":"","format":"standard","meta":{"footnotes":""},"categories":[597,456,20724,7541],"tags":[],"class_list":["post-324023","post","type-post","status-publish","format-standard","has-post-thumbnail","","category-cinta-de-noticias","category-arabe-internacional-politica","category-minuto-a-minuto","category-ultimas-noticias"],"_links":{"self":[{"href":"https:\/\/archive.sana.sy\/es\/index.php?rest_route=\/wp\/v2\/posts\/324023"}],"collection":[{"href":"https:\/\/archive.sana.sy\/es\/index.php?rest_route=\/wp\/v2\/posts"}],"about":[{"href":"https:\/\/archive.sana.sy\/es\/index.php?rest_route=\/wp\/v2\/types\/post"}],"author":[{"embeddable":true,"href":"https:\/\/archive.sana.sy\/es\/index.php?rest_route=\/wp\/v2\/users\/34"}],"replies":[{"embeddable":true,"href":"https:\/\/archive.sana.sy\/es\/index.php?rest_route=%2Fwp%2Fv2%2Fcomments&post=324023"}],"version-history":[{"count":1,"href":"https:\/\/archive.sana.sy\/es\/index.php?rest_route=\/wp\/v2\/posts\/324023\/revisions"}],"predecessor-version":[{"id":324025,"href":"https:\/\/archive.sana.sy\/es\/index.php?rest_route=\/wp\/v2\/posts\/324023\/revisions\/324025"}],"wp:featuredmedia":[{"embeddable":true,"href":"https:\/\/archive.sana.sy\/es\/index.php?rest_route=\/wp\/v2\/media\/324024"}],"wp:attachment":[{"href":"https:\/\/archive.sana.sy\/es\/index.php?rest_route=%2Fwp%2Fv2%2Fmedia&parent=324023"}],"wp:term":[{"taxonomy":"category","embeddable":true,"href":"https:\/\/archive.sana.sy\/es\/index.php?rest_route=%2Fwp%2Fv2%2Fcategories&post=324023"},{"taxonomy":"post_tag","embeddable":true,"href":"https:\/\/archive.sana.sy\/es\/index.php?rest_route=%2Fwp%2Fv2%2Ftags&post=324023"}],"curies":[{"name":"wp","href":"https:\/\/api.w.org\/{rel}","templated":true}]}}