{"id":324026,"date":"2024-03-07T06:37:55","date_gmt":"2024-03-07T03:37:55","guid":{"rendered":"https:\/\/sana.sy\/es\/?p=324026"},"modified":"2024-03-07T06:38:43","modified_gmt":"2024-03-07T03:38:43","slug":"canciller-sirio-se-reune-con-sus-homologos-de-egipto-libano-emiratos-arabes-unidos-y-tunez","status":"publish","type":"post","link":"https:\/\/archive.sana.sy\/es\/?p=324026","title":{"rendered":"Canciller sirio se re\u00fane con sus hom\u00f3logos de Egipto, L\u00edbano, Emiratos \u00c1rabes Unidos y T\u00fanez"},"content":{"rendered":"<p style=\"text-align: justify;\"><span style=\"color: #800000;\"><strong>El Cairo, 7 mar (SANA)\u00a0<\/strong> <\/span>El ministro de Asuntos Exteriores y Expatriados, Faisal Al-Mekdad, \u00a0se reuni\u00f3 con varios de sus hom\u00f3logos de pa\u00edses \u00e1rabes que participan en las reuniones del Consejo de la Liga de los Estados \u00c1rabes que se celebra en El Cairo, la capital egipcia a nivel ministerial.<\/p>\n<p style=\"text-align: justify;\"><img loading=\"lazy\" decoding=\"async\" class=\"size-medium wp-image-324028 alignleft\" src=\"http:\/\/sana.sy\/es\/wp-content\/uploads\/2024\/03\/Untitled-7-copy-2-300x189.jpg\" alt=\"\" width=\"300\" height=\"189\" srcset=\"https:\/\/archive.sana.sy\/es\/wp-content\/uploads\/2024\/03\/Untitled-7-copy-2-300x189.jpg 300w, https:\/\/archive.sana.sy\/es\/wp-content\/uploads\/2024\/03\/Untitled-7-copy-2-150x94.jpg 150w, https:\/\/archive.sana.sy\/es\/wp-content\/uploads\/2024\/03\/Untitled-7-copy-2.jpg 660w\" sizes=\"(max-width: 300px) 100vw, 300px\" \/>Las reuniones del Canciller fueron con Sameh Shukri, ministro de Asuntos Exteriores de Egipto; Abdullah Bou Habib, ministro de Asuntos Exteriores y Expatriados en el L\u00edbano; Khalifa Shaheen Al-Marar, ministro de Estado en el Ministerio de Asuntos Exteriores de los EAU; y Nabil Ammar, ministro de Asuntos Exteriores e Inmigraci\u00f3n de T\u00fanez.<\/p>\n<p style=\"text-align: justify;\">Los ministros abordaron en sus conversaciones las relaciones bilaterales y las formas de mejorarlas, as\u00ed como la evoluci\u00f3n de la situaci\u00f3n en los \u00e1mbitos regional e internacional.<\/p>\n<p style=\"text-align: justify;\">Una nota de la Canciller\u00eda siria indic\u00f3 que los debates se desarrollaron en un ambiente positivo y se acordaron puntos de vista sobre los diversos temas discutidos, especialmente la posici\u00f3n unificada para apoyar la lucha del pueblo palestino ante la guerra de exterminio de \u201cIsrael\u201d en Gaza y Cisjordania, y el derecho de los palestinos a establecer su Estado independiente.<\/p>\n<p style=\"text-align: justify;\">fm<\/p>\n<p>&nbsp;<\/p>\n","protected":false},"excerpt":{"rendered":"<p>El Cairo, 7 mar (SANA)\u00a0 El ministro de Asuntos Exteriores y Expatriados, Faisal Al-Mekdad, \u00a0se reuni\u00f3 con varios de sus hom\u00f3logos de pa\u00edses \u00e1rabes que participan en las reuniones del Consejo de la Liga de los Estados \u00c1rabes que se celebra en El Cairo, la capital egipcia a nivel ministerial. Las reuniones del Canciller fueron &hellip;<\/p>\n","protected":false},"author":34,"featured_media":324027,"comment_status":"closed","ping_status":"closed","sticky":false,"template":"","format":"standard","meta":{"footnotes":""},"categories":[477,447,597,20724,467,583],"tags":[],"class_list":["post-324026","post","type-post","status-publish","format-standard","has-post-thumbnail","","category-noticias-edulcorantes","category-local-politica","category-cinta-de-noticias","category-minuto-a-minuto","category-siria-y-el-mundo","category-slide"],"_links":{"self":[{"href":"https:\/\/archive.sana.sy\/es\/index.php?rest_route=\/wp\/v2\/posts\/324026"}],"collection":[{"href":"https:\/\/archive.sana.sy\/es\/index.php?rest_route=\/wp\/v2\/posts"}],"about":[{"href":"https:\/\/archive.sana.sy\/es\/index.php?rest_route=\/wp\/v2\/types\/post"}],"author":[{"embeddable":true,"href":"https:\/\/archive.sana.sy\/es\/index.php?rest_route=\/wp\/v2\/users\/34"}],"replies":[{"embeddable":true,"href":"https:\/\/archive.sana.sy\/es\/index.php?rest_route=%2Fwp%2Fv2%2Fcomments&post=324026"}],"version-history":[{"count":2,"href":"https:\/\/archive.sana.sy\/es\/index.php?rest_route=\/wp\/v2\/posts\/324026\/revisions"}],"predecessor-version":[{"id":324030,"href":"https:\/\/archive.sana.sy\/es\/index.php?rest_route=\/wp\/v2\/posts\/324026\/revisions\/324030"}],"wp:featuredmedia":[{"embeddable":true,"href":"https:\/\/archive.sana.sy\/es\/index.php?rest_route=\/wp\/v2\/media\/324027"}],"wp:attachment":[{"href":"https:\/\/archive.sana.sy\/es\/index.php?rest_route=%2Fwp%2Fv2%2Fmedia&parent=324026"}],"wp:term":[{"taxonomy":"category","embeddable":true,"href":"https:\/\/archive.sana.sy\/es\/index.php?rest_route=%2Fwp%2Fv2%2Fcategories&post=324026"},{"taxonomy":"post_tag","embeddable":true,"href":"https:\/\/archive.sana.sy\/es\/index.php?rest_route=%2Fwp%2Fv2%2Ftags&post=324026"}],"curies":[{"name":"wp","href":"https:\/\/api.w.org\/{rel}","templated":true}]}}