{"id":32403,"date":"2015-10-28T11:24:14","date_gmt":"2015-10-28T08:24:14","guid":{"rendered":"http:\/\/sana.sy\/es\/?p=32403"},"modified":"2015-10-28T11:24:14","modified_gmt":"2015-10-28T08:24:14","slug":"primer-ministro-felicita-al-ministerio-de-informacion-por-premios-obtenidos-recientemente","status":"publish","type":"post","link":"https:\/\/archive.sana.sy\/es\/?p=32403","title":{"rendered":"Primer ministro felicita al ministerio de Informaci\u00f3n por premios obtenidos recientemente"},"content":{"rendered":"<p><span style=\"color: #800000\">Damasco, SANA<\/span><\/p>\n<p>El Primer Ministro, Wael al-Halaqui, felicit\u00f3 durante la reuni\u00f3n semanal del gabinete, al ministerio de Informaci\u00f3n a los medios de comunicaci\u00f3n sirios por los premios obtenidos en el a\u00f1o 2015 a nivel regional e internacional.<\/p>\n<p>El presidente del gabinete hizo menci\u00f3n a los premios obtenidos recientemente por la Agencia \u00c1rabe Siria de Noticias (SANA), el canal noticioso sirio (al-Ikhbariya) y el Establecimiento General de Producci\u00f3n de Radio y Televisi\u00f3n.<\/p>\n<p>La Uni\u00f3n de Agencias de Noticias del Mediterr\u00e1neo hab\u00eda anunciado oficialmente los tres ganadores del concurso realizado por la Uni\u00f3n y SANA gan\u00f3 el primer premio de la mejor noticia.<\/p>\n<p><span style=\"color: #00ccff\">Fady M., Hala B.<\/span><\/p>\n","protected":false},"excerpt":{"rendered":"<p>Damasco, SANA El Primer Ministro, Wael al-Halaqui, felicit\u00f3 durante la reuni\u00f3n semanal del gabinete, al ministerio de Informaci\u00f3n a los medios de comunicaci\u00f3n sirios por los premios obtenidos en el a\u00f1o 2015 a nivel regional e internacional. El presidente del gabinete hizo menci\u00f3n a los premios obtenidos recientemente por la Agencia \u00c1rabe Siria de Noticias &hellip;<\/p>\n","protected":false},"author":1,"featured_media":32404,"comment_status":"closed","ping_status":"closed","sticky":false,"template":"","format":"standard","meta":{"footnotes":""},"categories":[477,476,576],"tags":[7215],"class_list":["post-32403","post","type-post","status-publish","format-standard","has-post-thumbnail","","category-noticias-edulcorantes","category-locales","category-noticias-politicas","tag-primer-ministro-felicita-al-ministerio-de-informacion-por-premios-obtenidos-recientemente"],"_links":{"self":[{"href":"https:\/\/archive.sana.sy\/es\/index.php?rest_route=\/wp\/v2\/posts\/32403"}],"collection":[{"href":"https:\/\/archive.sana.sy\/es\/index.php?rest_route=\/wp\/v2\/posts"}],"about":[{"href":"https:\/\/archive.sana.sy\/es\/index.php?rest_route=\/wp\/v2\/types\/post"}],"author":[{"embeddable":true,"href":"https:\/\/archive.sana.sy\/es\/index.php?rest_route=\/wp\/v2\/users\/1"}],"replies":[{"embeddable":true,"href":"https:\/\/archive.sana.sy\/es\/index.php?rest_route=%2Fwp%2Fv2%2Fcomments&post=32403"}],"version-history":[{"count":0,"href":"https:\/\/archive.sana.sy\/es\/index.php?rest_route=\/wp\/v2\/posts\/32403\/revisions"}],"wp:featuredmedia":[{"embeddable":true,"href":"https:\/\/archive.sana.sy\/es\/index.php?rest_route=\/wp\/v2\/media\/32404"}],"wp:attachment":[{"href":"https:\/\/archive.sana.sy\/es\/index.php?rest_route=%2Fwp%2Fv2%2Fmedia&parent=32403"}],"wp:term":[{"taxonomy":"category","embeddable":true,"href":"https:\/\/archive.sana.sy\/es\/index.php?rest_route=%2Fwp%2Fv2%2Fcategories&post=32403"},{"taxonomy":"post_tag","embeddable":true,"href":"https:\/\/archive.sana.sy\/es\/index.php?rest_route=%2Fwp%2Fv2%2Ftags&post=32403"}],"curies":[{"name":"wp","href":"https:\/\/api.w.org\/{rel}","templated":true}]}}