{"id":324036,"date":"2024-03-07T10:03:30","date_gmt":"2024-03-07T07:03:30","guid":{"rendered":"https:\/\/sana.sy\/es\/?p=324036"},"modified":"2024-03-07T10:03:48","modified_gmt":"2024-03-07T07:03:48","slug":"china-la-agresion-israeli-a-gaza-es-una-verguenza-para-la-civilizacion-humana","status":"publish","type":"post","link":"https:\/\/archive.sana.sy\/es\/?p=324036","title":{"rendered":"China: la agresi\u00f3n israel\u00ed a Gaza es una verg\u00fcenza para la civilizaci\u00f3n humana"},"content":{"rendered":"<p style=\"text-align: justify;\"><span style=\"color: #800000;\"><strong>Beijing, 7 mar (SANA)\u00a0<\/strong> <\/span>\u00a0El ministro de Relaciones Exteriores chino, Wang Yi, dijo hoy que la agresi\u00f3n israel\u00ed a la Franja de Gaza constituye una verg\u00fcenza para la civilizaci\u00f3n humana, y reiter\u00f3 los llamamientos de Beijing para un alto el fuego inmediato.<\/p>\n<p style=\"text-align: justify;\">\u201cEs una tragedia para la humanidad y una verg\u00fcenza para la civilizaci\u00f3n&#8230;En pleno siglo XXI estamos presenciando una cat\u00e1strofe humanitaria que no se puede parar\u201d, dijo Wang en una conferencia de prensa en el marco de la segunda sesi\u00f3n de la XIV Asamblea Popular Nacional.<\/p>\n<p style=\"text-align: justify;\">Agreg\u00f3 que \u201cel desastre en Gaza record\u00f3 una vez m\u00e1s al mundo el hecho de que ya no es posible ignorar que los territorios palestinos han estado ocupados durante mucho tiempo\u201d.<\/p>\n<p style=\"text-align: justify;\">Expres\u00f3 el apoyo del gigante asi\u00e1tico a la membres\u00eda plena del Estado de Palestina en las Naciones Unidas.<\/p>\n<p style=\"text-align: justify;\">\u201cEl ansiado deseo del pueblo palestino de establecer un Estado independiente ya es inevitable, y la injusticia hist\u00f3rica sufrida por el pueblo palestino no puede continuar durante generaciones sin ser rectificada\u201d, precis\u00f3 el Canciller.<\/p>\n<p style=\"text-align: justify;\">Aclar\u00f3 que a medida que la sociedad humana enfrenta m\u00faltiples desaf\u00edos, China seguir\u00e1 siendo una fuerza por la paz, estabilidad y el progreso en el mundo, y se mantendr\u00e1 firme en el lado correcto de la historia y del lado del progreso humano.<\/p>\n<p style=\"text-align: justify;\">Adem\u00e1s, el Ministro de Asuntos Exteriores chino consider\u00f3 que su pa\u00eds y Rusia han desarrollado un nuevo modelo de relaciones entre grandes potencias completamente diferente al de la antigua Guerra Fr\u00eda.<\/p>\n<p style=\"text-align: justify;\">En cuanto a la relaci\u00f3n con Estados Unidos, Wang subray\u00f3 que Washington siempre intenta culpar a China bajo cualquier pretexto.<\/p>\n<p style=\"text-align: justify;\">\u201cLos m\u00e9todos utilizados para reprimir a China se renuevan constantemente, y la lista de sanciones unilaterales se ampl\u00eda constantemente&#8221;, puntualiz\u00f3.<\/p>\n<p style=\"text-align: justify;\"><strong>fm\/ws<\/strong><\/p>\n","protected":false},"excerpt":{"rendered":"<p>Beijing, 7 mar (SANA)\u00a0 \u00a0El ministro de Relaciones Exteriores chino, Wang Yi, dijo hoy que la agresi\u00f3n israel\u00ed a la Franja de Gaza constituye una verg\u00fcenza para la civilizaci\u00f3n humana, y reiter\u00f3 los llamamientos de Beijing para un alto el fuego inmediato. \u201cEs una tragedia para la humanidad y una verg\u00fcenza para la civilizaci\u00f3n&#8230;En pleno &hellip;<\/p>\n","protected":false},"author":35,"featured_media":324037,"comment_status":"closed","ping_status":"closed","sticky":false,"template":"","format":"standard","meta":{"footnotes":""},"categories":[597,456,16687,20724,583],"tags":[],"class_list":["post-324036","post","type-post","status-publish","format-standard","has-post-thumbnail","","category-cinta-de-noticias","category-arabe-internacional-politica","category-internacionales","category-minuto-a-minuto","category-slide"],"_links":{"self":[{"href":"https:\/\/archive.sana.sy\/es\/index.php?rest_route=\/wp\/v2\/posts\/324036"}],"collection":[{"href":"https:\/\/archive.sana.sy\/es\/index.php?rest_route=\/wp\/v2\/posts"}],"about":[{"href":"https:\/\/archive.sana.sy\/es\/index.php?rest_route=\/wp\/v2\/types\/post"}],"author":[{"embeddable":true,"href":"https:\/\/archive.sana.sy\/es\/index.php?rest_route=\/wp\/v2\/users\/35"}],"replies":[{"embeddable":true,"href":"https:\/\/archive.sana.sy\/es\/index.php?rest_route=%2Fwp%2Fv2%2Fcomments&post=324036"}],"version-history":[{"count":2,"href":"https:\/\/archive.sana.sy\/es\/index.php?rest_route=\/wp\/v2\/posts\/324036\/revisions"}],"predecessor-version":[{"id":324039,"href":"https:\/\/archive.sana.sy\/es\/index.php?rest_route=\/wp\/v2\/posts\/324036\/revisions\/324039"}],"wp:featuredmedia":[{"embeddable":true,"href":"https:\/\/archive.sana.sy\/es\/index.php?rest_route=\/wp\/v2\/media\/324037"}],"wp:attachment":[{"href":"https:\/\/archive.sana.sy\/es\/index.php?rest_route=%2Fwp%2Fv2%2Fmedia&parent=324036"}],"wp:term":[{"taxonomy":"category","embeddable":true,"href":"https:\/\/archive.sana.sy\/es\/index.php?rest_route=%2Fwp%2Fv2%2Fcategories&post=324036"},{"taxonomy":"post_tag","embeddable":true,"href":"https:\/\/archive.sana.sy\/es\/index.php?rest_route=%2Fwp%2Fv2%2Ftags&post=324036"}],"curies":[{"name":"wp","href":"https:\/\/api.w.org\/{rel}","templated":true}]}}