{"id":324055,"date":"2024-03-07T12:56:28","date_gmt":"2024-03-07T09:56:28","guid":{"rendered":"https:\/\/sana.sy\/es\/?p=324055"},"modified":"2024-03-07T12:58:17","modified_gmt":"2024-03-07T09:58:17","slug":"liga-arabe-exige-a-consejo-de-seguridad-adoptar-resolucion-para-detener-el-genocidio-de-israel-en-gaza","status":"publish","type":"post","link":"https:\/\/archive.sana.sy\/es\/?p=324055","title":{"rendered":"Liga \u00c1rabe exige a Consejo de Seguridad adoptar resoluci\u00f3n para detener el genocidio de \u201cIsrael\u201d en Gaza"},"content":{"rendered":"<blockquote>\n<p style=\"text-align: justify;\"><span style=\"color: #800000;\">Advirti\u00f3 sobre las consecuencias de los planes del r\u00e9gimen sionista destinados a desplazar a m\u00e1s de un mill\u00f3n y medio de palestinos en el enclave costero ya que representa un ataque a la seguridad nacional \u00e1rabe y conducir\u00e1 a la exacerbaci\u00f3n del conflicto en la regi\u00f3n.<\/span><\/p>\n<\/blockquote>\n<p style=\"text-align: justify;\"><span style=\"color: #800000;\"><strong>El Cairo, 7 mar (SANA)<\/strong><\/span>\u00a0 La Liga \u00c1rabe inst\u00f3 hoy al Consejo de Seguridad de la ONU que adopte una resoluci\u00f3n vinculante para detener la guerra genocida de \u201cIsrael\u201d en la Franja de Gaza que ha cumplido su quinto mes.<\/p>\n<p style=\"text-align: justify;\">El organismo pan\u00e1rabe pidi\u00f3 tambi\u00e9n que se garantice la llegada de la ayuda humanitaria a los gazat\u00edes.<\/p>\n<p style=\"text-align: justify;\">Por otra parte, la Liga \u00c1rabe denunci\u00f3 el uso repetido del veto por parte de Estados Unidos para impedir que el Consejo de Seguridad adopte una resoluci\u00f3n para poner fin a la agresi\u00f3n israel\u00ed.<\/p>\n<p style=\"text-align: justify;\">Advirti\u00f3 sobre las consecuencias de los planes del r\u00e9gimen sionista destinados a desplazar a m\u00e1s de un mill\u00f3n y medio de palestinos en el enclave costero ya que representa un ataque a la seguridad nacional \u00e1rabe y conducir\u00e1 a la exacerbaci\u00f3n del conflicto en la regi\u00f3n.<\/p>\n<p style=\"text-align: justify;\">Concluy\u00f3 con expresar su en\u00e9rgica condena a las masacres del ej\u00e9rcito israel\u00ed contra los gazat\u00edes que dejaron m\u00e1s a 100.000 palestinos entre muertos y heridos, adem\u00e1s de la destrucci\u00f3n masiva que provocaron los bombardeos, a\u00f1\u00e1dele la pol\u00edtica de hambre y asedio impuestos a los civiles.<\/p>\n<p style=\"text-align: justify;\"><strong>ws\/fm<\/strong><\/p>\n","protected":false},"excerpt":{"rendered":"<p>Advirti\u00f3 sobre las consecuencias de los planes del r\u00e9gimen sionista destinados a desplazar a m\u00e1s de un mill\u00f3n y medio de palestinos en el enclave costero ya que representa un ataque a la seguridad nacional \u00e1rabe y conducir\u00e1 a la exacerbaci\u00f3n del conflicto en la regi\u00f3n. El Cairo, 7 mar (SANA)\u00a0 La Liga \u00c1rabe inst\u00f3 &hellip;<\/p>\n","protected":false},"author":35,"featured_media":324056,"comment_status":"closed","ping_status":"closed","sticky":false,"template":"","format":"standard","meta":{"footnotes":""},"categories":[597,456,16687,20724,7541],"tags":[],"class_list":["post-324055","post","type-post","status-publish","format-standard","has-post-thumbnail","","category-cinta-de-noticias","category-arabe-internacional-politica","category-internacionales","category-minuto-a-minuto","category-ultimas-noticias"],"_links":{"self":[{"href":"https:\/\/archive.sana.sy\/es\/index.php?rest_route=\/wp\/v2\/posts\/324055"}],"collection":[{"href":"https:\/\/archive.sana.sy\/es\/index.php?rest_route=\/wp\/v2\/posts"}],"about":[{"href":"https:\/\/archive.sana.sy\/es\/index.php?rest_route=\/wp\/v2\/types\/post"}],"author":[{"embeddable":true,"href":"https:\/\/archive.sana.sy\/es\/index.php?rest_route=\/wp\/v2\/users\/35"}],"replies":[{"embeddable":true,"href":"https:\/\/archive.sana.sy\/es\/index.php?rest_route=%2Fwp%2Fv2%2Fcomments&post=324055"}],"version-history":[{"count":3,"href":"https:\/\/archive.sana.sy\/es\/index.php?rest_route=\/wp\/v2\/posts\/324055\/revisions"}],"predecessor-version":[{"id":324059,"href":"https:\/\/archive.sana.sy\/es\/index.php?rest_route=\/wp\/v2\/posts\/324055\/revisions\/324059"}],"wp:featuredmedia":[{"embeddable":true,"href":"https:\/\/archive.sana.sy\/es\/index.php?rest_route=\/wp\/v2\/media\/324056"}],"wp:attachment":[{"href":"https:\/\/archive.sana.sy\/es\/index.php?rest_route=%2Fwp%2Fv2%2Fmedia&parent=324055"}],"wp:term":[{"taxonomy":"category","embeddable":true,"href":"https:\/\/archive.sana.sy\/es\/index.php?rest_route=%2Fwp%2Fv2%2Fcategories&post=324055"},{"taxonomy":"post_tag","embeddable":true,"href":"https:\/\/archive.sana.sy\/es\/index.php?rest_route=%2Fwp%2Fv2%2Ftags&post=324055"}],"curies":[{"name":"wp","href":"https:\/\/api.w.org\/{rel}","templated":true}]}}