{"id":32415,"date":"2015-10-28T12:55:37","date_gmt":"2015-10-28T09:55:37","guid":{"rendered":"http:\/\/sana.sy\/es\/?p=32415"},"modified":"2015-10-28T12:55:37","modified_gmt":"2015-10-28T09:55:37","slug":"putin-los-terroristas-tratan-de-utilizar-a-oriente-medio-como-punto-de-partida-para-desestabilizar-otros-paises","status":"publish","type":"post","link":"https:\/\/archive.sana.sy\/es\/?p=32415","title":{"rendered":"Putin: Los terroristas tratan de utilizar a Oriente Medio como punto de partida para desestabilizar otros pa\u00edses"},"content":{"rendered":"<p><span style=\"color: #800000\">Mosc\u00fa, SANA<\/span><\/p>\n<p>El presidente ruso, Vladimir Putin, asegur\u00f3 que los terroristas est\u00e1n tratando de utilizar a Medio Oriente y \u00c1frica del Norte como un trampol\u00edn para desestabilizar a otros pa\u00edses de todo el mundo a trav\u00e9s del reclutamiento y la formaci\u00f3n de nuevos militantes.<\/p>\n<p>La afirmaci\u00f3n de Putin se produjo en un discurso pronunciado ante el Consejo de Jefes de Seguridad y de Servicios de Inteligencia de los Estados miembros en la Comunidad de Estados Independientes que se celebra en Mosc\u00fa este mi\u00e9rcoles.<\/p>\n<p>El mandatario ruso explic\u00f3 que la situaci\u00f3n en Oriente Medio y el Norte de \u00c1frica, la creciente actividad terrorista y la integraci\u00f3n de los grupos extremistas con el crimen organizado son elementos que constituyen una gran preocupaci\u00f3n y una grave amenaza hoy en d\u00eda.&#8221;<\/p>\n<p>Putin subray\u00f3 que la situaci\u00f3n geopol\u00edtica en el mundo requiere la adopci\u00f3n de nuevas formas para responder a los riesgos actuales.<\/p>\n<p><span style=\"color: #3366ff\">Fady M., Hala B.<\/span><\/p>\n","protected":false},"excerpt":{"rendered":"<p>Mosc\u00fa, SANA El presidente ruso, Vladimir Putin, asegur\u00f3 que los terroristas est\u00e1n tratando de utilizar a Medio Oriente y \u00c1frica del Norte como un trampol\u00edn para desestabilizar a otros pa\u00edses de todo el mundo a trav\u00e9s del reclutamiento y la formaci\u00f3n de nuevos militantes. La afirmaci\u00f3n de Putin se produjo en un discurso pronunciado ante &hellip;<\/p>\n","protected":false},"author":1,"featured_media":32416,"comment_status":"closed","ping_status":"closed","sticky":false,"template":"","format":"standard","meta":{"footnotes":""},"categories":[597,456,457,576],"tags":[7218],"class_list":["post-32415","post","type-post","status-publish","format-standard","has-post-thumbnail","","category-cinta-de-noticias","category-arabe-internacional-politica","category-noticias-arabe-internacional-politica","category-noticias-politicas","tag-putin-los-terroristas-tratan-de-utilizar-a-oriente-medio-como-punto-de-partida-para-desestabilizar-otros-paises"],"_links":{"self":[{"href":"https:\/\/archive.sana.sy\/es\/index.php?rest_route=\/wp\/v2\/posts\/32415"}],"collection":[{"href":"https:\/\/archive.sana.sy\/es\/index.php?rest_route=\/wp\/v2\/posts"}],"about":[{"href":"https:\/\/archive.sana.sy\/es\/index.php?rest_route=\/wp\/v2\/types\/post"}],"author":[{"embeddable":true,"href":"https:\/\/archive.sana.sy\/es\/index.php?rest_route=\/wp\/v2\/users\/1"}],"replies":[{"embeddable":true,"href":"https:\/\/archive.sana.sy\/es\/index.php?rest_route=%2Fwp%2Fv2%2Fcomments&post=32415"}],"version-history":[{"count":0,"href":"https:\/\/archive.sana.sy\/es\/index.php?rest_route=\/wp\/v2\/posts\/32415\/revisions"}],"wp:featuredmedia":[{"embeddable":true,"href":"https:\/\/archive.sana.sy\/es\/index.php?rest_route=\/wp\/v2\/media\/32416"}],"wp:attachment":[{"href":"https:\/\/archive.sana.sy\/es\/index.php?rest_route=%2Fwp%2Fv2%2Fmedia&parent=32415"}],"wp:term":[{"taxonomy":"category","embeddable":true,"href":"https:\/\/archive.sana.sy\/es\/index.php?rest_route=%2Fwp%2Fv2%2Fcategories&post=32415"},{"taxonomy":"post_tag","embeddable":true,"href":"https:\/\/archive.sana.sy\/es\/index.php?rest_route=%2Fwp%2Fv2%2Ftags&post=32415"}],"curies":[{"name":"wp","href":"https:\/\/api.w.org\/{rel}","templated":true}]}}