{"id":324219,"date":"2024-03-09T13:44:17","date_gmt":"2024-03-09T10:44:17","guid":{"rendered":"https:\/\/sana.sy\/es\/?p=324219"},"modified":"2024-03-09T13:44:30","modified_gmt":"2024-03-09T10:44:30","slug":"israel-continua-sus-agresiones-contra-el-sur-del-libano","status":"publish","type":"post","link":"https:\/\/archive.sana.sy\/es\/?p=324219","title":{"rendered":"Israel contin\u00faa sus agresiones contra el sur del L\u00edbano"},"content":{"rendered":"<p style=\"text-align: justify;\"><strong><span style=\"color: #800000;\">Beirut, 9 mar (SANA)<\/span>\u00a0<\/strong> El ej\u00e9rcito de ocupaci\u00f3n israel\u00ed reanud\u00f3 sus ataques contra las ciudades y pueblos del sur del L\u00edbano, y uno de sus drones atac\u00f3 con un misil una casa en la localidad de Blida.<\/p>\n<p style=\"text-align: justify;\">La Agencia Nacional libanesa de Noticias inform\u00f3 que el enemigo atac\u00f3 con ametralladoras pesadas los bosques adyacentes a las localidades de Ramiya y Aita al-Shaab y Al-Bustan.<\/p>\n<p style=\"text-align: justify;\">Asimismo, los cazas israel\u00edes atacaron las afueras de la ciudad de Naqoura y el monte Labounah, lo que provoc\u00f3 incendios en los bosques.<\/p>\n<p style=\"text-align: justify;\">ed\/fm<\/p>\n","protected":false},"excerpt":{"rendered":"<p>Beirut, 9 mar (SANA)\u00a0 El ej\u00e9rcito de ocupaci\u00f3n israel\u00ed reanud\u00f3 sus ataques contra las ciudades y pueblos del sur del L\u00edbano, y uno de sus drones atac\u00f3 con un misil una casa en la localidad de Blida. La Agencia Nacional libanesa de Noticias inform\u00f3 que el enemigo atac\u00f3 con ametralladoras pesadas los bosques adyacentes a &hellip;<\/p>\n","protected":false},"author":32,"featured_media":324220,"comment_status":"closed","ping_status":"closed","sticky":false,"template":"","format":"standard","meta":{"footnotes":""},"categories":[597,456,20724,7541],"tags":[],"class_list":["post-324219","post","type-post","status-publish","format-standard","has-post-thumbnail","","category-cinta-de-noticias","category-arabe-internacional-politica","category-minuto-a-minuto","category-ultimas-noticias"],"_links":{"self":[{"href":"https:\/\/archive.sana.sy\/es\/index.php?rest_route=\/wp\/v2\/posts\/324219"}],"collection":[{"href":"https:\/\/archive.sana.sy\/es\/index.php?rest_route=\/wp\/v2\/posts"}],"about":[{"href":"https:\/\/archive.sana.sy\/es\/index.php?rest_route=\/wp\/v2\/types\/post"}],"author":[{"embeddable":true,"href":"https:\/\/archive.sana.sy\/es\/index.php?rest_route=\/wp\/v2\/users\/32"}],"replies":[{"embeddable":true,"href":"https:\/\/archive.sana.sy\/es\/index.php?rest_route=%2Fwp%2Fv2%2Fcomments&post=324219"}],"version-history":[{"count":1,"href":"https:\/\/archive.sana.sy\/es\/index.php?rest_route=\/wp\/v2\/posts\/324219\/revisions"}],"predecessor-version":[{"id":324221,"href":"https:\/\/archive.sana.sy\/es\/index.php?rest_route=\/wp\/v2\/posts\/324219\/revisions\/324221"}],"wp:featuredmedia":[{"embeddable":true,"href":"https:\/\/archive.sana.sy\/es\/index.php?rest_route=\/wp\/v2\/media\/324220"}],"wp:attachment":[{"href":"https:\/\/archive.sana.sy\/es\/index.php?rest_route=%2Fwp%2Fv2%2Fmedia&parent=324219"}],"wp:term":[{"taxonomy":"category","embeddable":true,"href":"https:\/\/archive.sana.sy\/es\/index.php?rest_route=%2Fwp%2Fv2%2Fcategories&post=324219"},{"taxonomy":"post_tag","embeddable":true,"href":"https:\/\/archive.sana.sy\/es\/index.php?rest_route=%2Fwp%2Fv2%2Ftags&post=324219"}],"curies":[{"name":"wp","href":"https:\/\/api.w.org\/{rel}","templated":true}]}}