{"id":324228,"date":"2024-03-09T15:03:28","date_gmt":"2024-03-09T12:03:28","guid":{"rendered":"https:\/\/sana.sy\/es\/?p=324228"},"modified":"2024-03-09T15:14:36","modified_gmt":"2024-03-09T12:14:36","slug":"cifra-de-palestinos-muertos-por-agresion-israeli-a-gaza-llega-a-casi-31-mil","status":"publish","type":"post","link":"https:\/\/archive.sana.sy\/es\/?p=324228","title":{"rendered":"Cifra de palestinos muertos por agresi\u00f3n israel\u00ed a Gaza llega a casi 31 mil"},"content":{"rendered":"<p style=\"text-align: justify;\"><span style=\"color: #800000;\"><strong>Jerusal\u00e9n ocupada, 9 mar (SANA)<\/strong><\/span> La cifra de v\u00edctimas de la actual agresi\u00f3n israel\u00ed contra la Franja de Gaza aument\u00f3 a 30.960 muertos y 72.524 heridos, seg\u00fan datos anunciados por el Ministerio palestino de Salud.<\/p>\n<p style=\"text-align: justify;\">De acuerdo con el ente de salud, durante las \u00faltimas 24 horas, las tropas sionistas cometieron 10 masacres, cobrando la vida de 82 palestinos y dejando heridos a otros 122.<\/p>\n<p style=\"text-align: justify;\">Durante el d\u00eda de hoy, seis palestinos perdieron la vida en ataques contra varias viviendas en el barrio de Al-Zaitoun en la ciudad de Gaza, mientras que tres ni\u00f1os fallecieron dentro del Complejo M\u00e9dico Al-Shifa debido a la desnutrici\u00f3n y el hambre.<\/p>\n<p style=\"text-align: justify;\">Asimismo, 24 personas perecieron en los bombardeos a\u00e9reos sionistas contra varias casas en las ciudades de Khan Yunis y Rafah, al sur de la Franja de Gaza.<\/p>\n<p style=\"text-align: justify;\">En Jabalia, en el norte de la Franja de Gaza, nueve personas, entre ellas ni\u00f1os, murieron en un bombardeo de artiller\u00eda israel\u00ed contra viviendas, mientras que cinco palestinos fueron asesinados en un bombardeo de artiller\u00eda dirigido a la ciudad de Deir al-Balah y las afueras del campamento de Nuseirat, en el centro de Gaza.<\/p>\n<p style=\"text-align: justify;\">De igual manera, al menos 20 palestinos resultaron heridos como consecuencia de los bombardeos de los aviones israel\u00edes mientras esperaban ayuda en el barrio de Al-Zaitoun, al sureste de Gaza.<\/p>\n<p style=\"text-align: justify;\">fm\/ed<\/p>\n","protected":false},"excerpt":{"rendered":"<p>Jerusal\u00e9n ocupada, 9 mar (SANA) La cifra de v\u00edctimas de la actual agresi\u00f3n israel\u00ed contra la Franja de Gaza aument\u00f3 a 30.960 muertos y 72.524 heridos, seg\u00fan datos anunciados por el Ministerio palestino de Salud. De acuerdo con el ente de salud, durante las \u00faltimas 24 horas, las tropas sionistas cometieron 10 masacres, cobrando la &hellip;<\/p>\n","protected":false},"author":32,"featured_media":324229,"comment_status":"closed","ping_status":"closed","sticky":false,"template":"","format":"standard","meta":{"footnotes":""},"categories":[597,456,20724,583],"tags":[],"class_list":["post-324228","post","type-post","status-publish","format-standard","has-post-thumbnail","","category-cinta-de-noticias","category-arabe-internacional-politica","category-minuto-a-minuto","category-slide"],"_links":{"self":[{"href":"https:\/\/archive.sana.sy\/es\/index.php?rest_route=\/wp\/v2\/posts\/324228"}],"collection":[{"href":"https:\/\/archive.sana.sy\/es\/index.php?rest_route=\/wp\/v2\/posts"}],"about":[{"href":"https:\/\/archive.sana.sy\/es\/index.php?rest_route=\/wp\/v2\/types\/post"}],"author":[{"embeddable":true,"href":"https:\/\/archive.sana.sy\/es\/index.php?rest_route=\/wp\/v2\/users\/32"}],"replies":[{"embeddable":true,"href":"https:\/\/archive.sana.sy\/es\/index.php?rest_route=%2Fwp%2Fv2%2Fcomments&post=324228"}],"version-history":[{"count":1,"href":"https:\/\/archive.sana.sy\/es\/index.php?rest_route=\/wp\/v2\/posts\/324228\/revisions"}],"predecessor-version":[{"id":324230,"href":"https:\/\/archive.sana.sy\/es\/index.php?rest_route=\/wp\/v2\/posts\/324228\/revisions\/324230"}],"wp:featuredmedia":[{"embeddable":true,"href":"https:\/\/archive.sana.sy\/es\/index.php?rest_route=\/wp\/v2\/media\/324229"}],"wp:attachment":[{"href":"https:\/\/archive.sana.sy\/es\/index.php?rest_route=%2Fwp%2Fv2%2Fmedia&parent=324228"}],"wp:term":[{"taxonomy":"category","embeddable":true,"href":"https:\/\/archive.sana.sy\/es\/index.php?rest_route=%2Fwp%2Fv2%2Fcategories&post=324228"},{"taxonomy":"post_tag","embeddable":true,"href":"https:\/\/archive.sana.sy\/es\/index.php?rest_route=%2Fwp%2Fv2%2Ftags&post=324228"}],"curies":[{"name":"wp","href":"https:\/\/api.w.org\/{rel}","templated":true}]}}