{"id":324234,"date":"2024-03-09T17:30:14","date_gmt":"2024-03-09T14:30:14","guid":{"rendered":"https:\/\/sana.sy\/es\/?p=324234"},"modified":"2024-03-09T18:11:28","modified_gmt":"2024-03-09T15:11:28","slug":"mas-de-siete-mil-palestinos-fueron-arrestados-por-israel-en-cisjordania","status":"publish","type":"post","link":"https:\/\/archive.sana.sy\/es\/?p=324234","title":{"rendered":"M\u00e1s de siete mil palestinos fueron arrestados por Israel en Cisjordania"},"content":{"rendered":"<p style=\"text-align: justify;\"><span style=\"color: #800000;\"><strong>Jerusal\u00e9n ocupada, 9 mar (SANA)\u00a0<\/strong><\/span> La Comisi\u00f3n de Asuntos de los Prisioneros y el Club de Prisioneros Palestinos anunciaron hoy que las fuerzas de ocupaci\u00f3n israel\u00edes han arrestado a unos 7.505 palestinos en Cisjordania, desde el inicio de la agresi\u00f3n contra Gaza el 7 de octubre pasado.<\/p>\n<p style=\"text-align: justify;\">En una declaraci\u00f3n conjunta, las dos entidades aseguraron que estas campa\u00f1as de arresto forman parte de las pol\u00edticas sistem\u00e1ticas de las fuerzas de ocupaci\u00f3n y una herramienta de castigo colectivo contra los palestinos.<\/p>\n<p style=\"text-align: justify;\">Las detenciones se llevaron a cabo en las ciudades de Naplusa, Tubas, Ramallah y Hebr\u00f3n, y fueron acompa\u00f1adas por redadas y actos de sabotaje y destrucci\u00f3n de viviendas.<\/p>\n<p style=\"text-align: justify;\">fm\/rr<\/p>\n","protected":false},"excerpt":{"rendered":"<p>Jerusal\u00e9n ocupada, 9 mar (SANA)\u00a0 La Comisi\u00f3n de Asuntos de los Prisioneros y el Club de Prisioneros Palestinos anunciaron hoy que las fuerzas de ocupaci\u00f3n israel\u00edes han arrestado a unos 7.505 palestinos en Cisjordania, desde el inicio de la agresi\u00f3n contra Gaza el 7 de octubre pasado. En una declaraci\u00f3n conjunta, las dos entidades aseguraron &hellip;<\/p>\n","protected":false},"author":31,"featured_media":324238,"comment_status":"closed","ping_status":"closed","sticky":false,"template":"","format":"standard","meta":{"footnotes":""},"categories":[597,456,16687,7541],"tags":[9074,1494],"class_list":["post-324234","post","type-post","status-publish","format-standard","has-post-thumbnail","","category-cinta-de-noticias","category-arabe-internacional-politica","category-internacionales","category-ultimas-noticias","tag-cisjordania","tag-palestina"],"_links":{"self":[{"href":"https:\/\/archive.sana.sy\/es\/index.php?rest_route=\/wp\/v2\/posts\/324234"}],"collection":[{"href":"https:\/\/archive.sana.sy\/es\/index.php?rest_route=\/wp\/v2\/posts"}],"about":[{"href":"https:\/\/archive.sana.sy\/es\/index.php?rest_route=\/wp\/v2\/types\/post"}],"author":[{"embeddable":true,"href":"https:\/\/archive.sana.sy\/es\/index.php?rest_route=\/wp\/v2\/users\/31"}],"replies":[{"embeddable":true,"href":"https:\/\/archive.sana.sy\/es\/index.php?rest_route=%2Fwp%2Fv2%2Fcomments&post=324234"}],"version-history":[{"count":1,"href":"https:\/\/archive.sana.sy\/es\/index.php?rest_route=\/wp\/v2\/posts\/324234\/revisions"}],"predecessor-version":[{"id":324239,"href":"https:\/\/archive.sana.sy\/es\/index.php?rest_route=\/wp\/v2\/posts\/324234\/revisions\/324239"}],"wp:featuredmedia":[{"embeddable":true,"href":"https:\/\/archive.sana.sy\/es\/index.php?rest_route=\/wp\/v2\/media\/324238"}],"wp:attachment":[{"href":"https:\/\/archive.sana.sy\/es\/index.php?rest_route=%2Fwp%2Fv2%2Fmedia&parent=324234"}],"wp:term":[{"taxonomy":"category","embeddable":true,"href":"https:\/\/archive.sana.sy\/es\/index.php?rest_route=%2Fwp%2Fv2%2Fcategories&post=324234"},{"taxonomy":"post_tag","embeddable":true,"href":"https:\/\/archive.sana.sy\/es\/index.php?rest_route=%2Fwp%2Fv2%2Ftags&post=324234"}],"curies":[{"name":"wp","href":"https:\/\/api.w.org\/{rel}","templated":true}]}}