{"id":324240,"date":"2024-03-09T18:20:05","date_gmt":"2024-03-09T15:20:05","guid":{"rendered":"https:\/\/sana.sy\/es\/?p=324240"},"modified":"2024-03-10T10:26:12","modified_gmt":"2024-03-10T07:26:12","slug":"presidente-al-assad-encabeza-reunion-gubernamental-para-analizar-politicas-de-apoyo-a-pequenos-proyectos","status":"publish","type":"post","link":"https:\/\/archive.sana.sy\/es\/?p=324240","title":{"rendered":"Presidente Al-Assad encabeza reuni\u00f3n gubernamental para analizar pol\u00edticas de apoyo a peque\u00f1os proyectos"},"content":{"rendered":"<p style=\"text-align: justify;\"><span style=\"color: #800000;\"><strong>Damasco, 9 mar (SANA)\u00a0<\/strong><\/span> \u00a0El presidente Bashar Al-Assad, encabez\u00f3 hoy una reuni\u00f3n gubernamental en la que se analiz\u00f3 las pol\u00edticas de desarrollo y apoyo a los peque\u00f1os proyectos, que forman la base de las econom\u00edas de la mayor\u00eda de los pa\u00edses del mundo porque afectan directamente el nivel de vida y la capacidad productiva de los segmentos sociales que trabajan en estos proyectos.<\/p>\n<p style=\"text-align: justify;\">Durante a\u00f1os, el Estado sirio ha estado trabajando para incentivar los peque\u00f1os proyectos por ser portadores de la econom\u00eda siria, sin embargo, la ausencia de estructuras administrativas s\u00f3lidas impidi\u00f3 lograr el objetivo deseado en t\u00e9rminos de contar con un ambiente integral a nivel de los planes, las administraciones y la estructura requerida.<\/p>\n<p style=\"text-align: justify;\">El mandatario inst\u00f3 a corregir las estructuras y desarrollar la estructura organizativa de las instituciones y organismos existentes que se ocupan de la inversi\u00f3n y de las peque\u00f1as y microempresas.<\/p>\n<p style=\"text-align: justify;\">El objetivo es posibilitar estas entidades a implementar las pol\u00edticas necesarias de crear, potenciar y desarrollar los peque\u00f1os proyectos para que crezcan y luego se transformen en medianos y grandes proyectos, con la meta final de reactivar la econom\u00eda siria.<\/p>\n<p style=\"text-align: justify;\">fm\/rr<\/p>\n","protected":false},"excerpt":{"rendered":"<p>Damasco, 9 mar (SANA)\u00a0 \u00a0El presidente Bashar Al-Assad, encabez\u00f3 hoy una reuni\u00f3n gubernamental en la que se analiz\u00f3 las pol\u00edticas de desarrollo y apoyo a los peque\u00f1os proyectos, que forman la base de las econom\u00edas de la mayor\u00eda de los pa\u00edses del mundo porque afectan directamente el nivel de vida y la capacidad productiva de &hellip;<\/p>\n","protected":false},"author":31,"featured_media":324241,"comment_status":"closed","ping_status":"closed","sticky":false,"template":"","format":"standard","meta":{"footnotes":""},"categories":[597,16686,483,485,476,16237,583,626],"tags":[7161,6553],"class_list":["post-324240","post","type-post","status-publish","format-standard","has-post-thumbnail","","category-cinta-de-noticias","category-economia","category-negocios-y-finanzas","category-informes-negocios-y-finanzas","category-locales","category-presidence-de-la-republique-arabe-syria","category-slide","category-sr-presidente","tag-damasco","tag-siria"],"_links":{"self":[{"href":"https:\/\/archive.sana.sy\/es\/index.php?rest_route=\/wp\/v2\/posts\/324240"}],"collection":[{"href":"https:\/\/archive.sana.sy\/es\/index.php?rest_route=\/wp\/v2\/posts"}],"about":[{"href":"https:\/\/archive.sana.sy\/es\/index.php?rest_route=\/wp\/v2\/types\/post"}],"author":[{"embeddable":true,"href":"https:\/\/archive.sana.sy\/es\/index.php?rest_route=\/wp\/v2\/users\/31"}],"replies":[{"embeddable":true,"href":"https:\/\/archive.sana.sy\/es\/index.php?rest_route=%2Fwp%2Fv2%2Fcomments&post=324240"}],"version-history":[{"count":1,"href":"https:\/\/archive.sana.sy\/es\/index.php?rest_route=\/wp\/v2\/posts\/324240\/revisions"}],"predecessor-version":[{"id":324242,"href":"https:\/\/archive.sana.sy\/es\/index.php?rest_route=\/wp\/v2\/posts\/324240\/revisions\/324242"}],"wp:featuredmedia":[{"embeddable":true,"href":"https:\/\/archive.sana.sy\/es\/index.php?rest_route=\/wp\/v2\/media\/324241"}],"wp:attachment":[{"href":"https:\/\/archive.sana.sy\/es\/index.php?rest_route=%2Fwp%2Fv2%2Fmedia&parent=324240"}],"wp:term":[{"taxonomy":"category","embeddable":true,"href":"https:\/\/archive.sana.sy\/es\/index.php?rest_route=%2Fwp%2Fv2%2Fcategories&post=324240"},{"taxonomy":"post_tag","embeddable":true,"href":"https:\/\/archive.sana.sy\/es\/index.php?rest_route=%2Fwp%2Fv2%2Ftags&post=324240"}],"curies":[{"name":"wp","href":"https:\/\/api.w.org\/{rel}","templated":true}]}}