{"id":324243,"date":"2024-03-09T18:15:11","date_gmt":"2024-03-09T15:15:11","guid":{"rendered":"https:\/\/sana.sy\/es\/?p=324243"},"modified":"2024-03-09T19:51:30","modified_gmt":"2024-03-09T16:51:30","slug":"siria-e-iraq-estudian-cooperacion-bilateral-en-materia-de-recursos-hidricos","status":"publish","type":"post","link":"https:\/\/archive.sana.sy\/es\/?p=324243","title":{"rendered":"Siria e Iraq analizan cooperaci\u00f3n bilateral en materia de recursos h\u00eddricos"},"content":{"rendered":"<p style=\"text-align: justify;\"><span style=\"color: #800000;\"><strong>Damasco, 09 mar (SANA)\u00a0 \u00a0<\/strong><\/span>El primer ministro de Siria, Hussein Arnous, y el ministro iraqu\u00ed de Recursos H\u00eddricos, Aoun Dhiyab Abdullah, abordaron hoy las v\u00edas para desarrollar la cooperaci\u00f3n bilateral para enfrentar el problema de la sequ\u00eda y el cambio clim\u00e1tico.<\/p>\n<p style=\"text-align: justify;\">A la reuni\u00f3n asistieron el ministro de recursos H\u00eddricos sirio, Hussein Makhlouf, el secretario general de la Presidencia del Consejo de Ministros, Qais Muhammad Khadr, y el encargado de negocios de la Embajada de Irak en Damasco, Yassin Al-Hujaimi.<\/p>\n<p style=\"text-align: justify;\">Las dos partes se\u00f1alaron la necesidad de contar con m\u00e9todos modernos de riego, gestionar los recursos h\u00eddricos de manera racional e intercambiar las experiencias.<\/p>\n<p style=\"text-align: justify;\">Arnous confirm\u00f3 la disposici\u00f3n del gobierno sirio a implementar proyectos conjuntos con la parte iraqu\u00ed y a utilizar las tecnolog\u00edas modernas para abordar la escasez de recursos h\u00eddricos debido a la sequ\u00eda y la poca precipitaciones durante los \u00faltimos a\u00f1os.<\/p>\n<p style=\"text-align: justify;\">Por su parte, el Ministro iraqu\u00ed expres\u00f3 la disposici\u00f3n de su pa\u00eds a intercambiar experiencias e informaci\u00f3n con la parte siria y a mejorar la cooperaci\u00f3n bilateral en este contexto en beneficio de los dos pa\u00edses y pueblos hermanos.<\/p>\n<p style=\"text-align: justify;\">Las dos partes enfatizaron la necesidad de que todas las partes respeten los acuerdos internacionales relacionados con la construcci\u00f3n de represas y el intercambio de aguas fluviales internacionales entre los estados de aguas arriba y abajo.<\/p>\n<p style=\"text-align: justify;\">rr<\/p>\n","protected":false},"excerpt":{"rendered":"<p>Damasco, 09 mar (SANA)\u00a0 \u00a0El primer ministro de Siria, Hussein Arnous, y el ministro iraqu\u00ed de Recursos H\u00eddricos, Aoun Dhiyab Abdullah, abordaron hoy las v\u00edas para desarrollar la cooperaci\u00f3n bilateral para enfrentar el problema de la sequ\u00eda y el cambio clim\u00e1tico. A la reuni\u00f3n asistieron el ministro de recursos H\u00eddricos sirio, Hussein Makhlouf, el secretario &hellip;<\/p>\n","protected":false},"author":31,"featured_media":324244,"comment_status":"closed","ping_status":"closed","sticky":false,"template":"","format":"standard","meta":{"footnotes":""},"categories":[597,467,583],"tags":[5835,22477,6553],"class_list":["post-324243","post","type-post","status-publish","format-standard","has-post-thumbnail","","category-cinta-de-noticias","category-siria-y-el-mundo","category-slide","tag-iraq","tag-recursos-hidricos","tag-siria"],"_links":{"self":[{"href":"https:\/\/archive.sana.sy\/es\/index.php?rest_route=\/wp\/v2\/posts\/324243"}],"collection":[{"href":"https:\/\/archive.sana.sy\/es\/index.php?rest_route=\/wp\/v2\/posts"}],"about":[{"href":"https:\/\/archive.sana.sy\/es\/index.php?rest_route=\/wp\/v2\/types\/post"}],"author":[{"embeddable":true,"href":"https:\/\/archive.sana.sy\/es\/index.php?rest_route=\/wp\/v2\/users\/31"}],"replies":[{"embeddable":true,"href":"https:\/\/archive.sana.sy\/es\/index.php?rest_route=%2Fwp%2Fv2%2Fcomments&post=324243"}],"version-history":[{"count":3,"href":"https:\/\/archive.sana.sy\/es\/index.php?rest_route=\/wp\/v2\/posts\/324243\/revisions"}],"predecessor-version":[{"id":324247,"href":"https:\/\/archive.sana.sy\/es\/index.php?rest_route=\/wp\/v2\/posts\/324243\/revisions\/324247"}],"wp:featuredmedia":[{"embeddable":true,"href":"https:\/\/archive.sana.sy\/es\/index.php?rest_route=\/wp\/v2\/media\/324244"}],"wp:attachment":[{"href":"https:\/\/archive.sana.sy\/es\/index.php?rest_route=%2Fwp%2Fv2%2Fmedia&parent=324243"}],"wp:term":[{"taxonomy":"category","embeddable":true,"href":"https:\/\/archive.sana.sy\/es\/index.php?rest_route=%2Fwp%2Fv2%2Fcategories&post=324243"},{"taxonomy":"post_tag","embeddable":true,"href":"https:\/\/archive.sana.sy\/es\/index.php?rest_route=%2Fwp%2Fv2%2Ftags&post=324243"}],"curies":[{"name":"wp","href":"https:\/\/api.w.org\/{rel}","templated":true}]}}