{"id":324264,"date":"2024-03-10T13:13:53","date_gmt":"2024-03-10T10:13:53","guid":{"rendered":"https:\/\/sana.sy\/es\/?p=324264"},"modified":"2024-03-10T13:14:33","modified_gmt":"2024-03-10T10:14:33","slug":"decenas-de-muertos-y-heridos-en-nueva-jornada-de-agresiones-israelies-contra-gaza-2","status":"publish","type":"post","link":"https:\/\/archive.sana.sy\/es\/?p=324264","title":{"rendered":"Decenas de muertos y heridos en nueva jornada de agresiones israel\u00edes contra Gaza"},"content":{"rendered":"<p style=\"text-align: justify;\"><span style=\"color: #800000;\"><strong>Jerusal\u00e9n ocupada, 10 mar (SANA)<\/strong><\/span>\u00a0 En el d\u00eda 156 de la agresi\u00f3n contra la Franja de Gaza, el ej\u00e9rcito sionista perpetr\u00f3 nuevas masacres durante las \u00faltimas 24 horas, que cobraron la vida de decenas de palestinos.<\/p>\n<p style=\"text-align: justify;\">Seg\u00fan medios de prensa, 15 palestinos murieron en nuevos bombardeos a\u00e9reos del ej\u00e9rcito israel\u00ed contra la zona de \u201cchalihat\u201d, al oeste de la ciudad de Jan Yunis, en el sur de Gaza.<\/p>\n<p style=\"text-align: justify;\">Otros civiles perdieron la vida en una incursi\u00f3n contra una vivienda en Beit Lahia en el norte del enclave costero.<\/p>\n<p style=\"text-align: justify;\">En la ciudad sure\u00f1a de Rafah, un palestino falleci\u00f3 y otros fueron lesionados cuando los militares israel\u00edes atacaron a un carro en la calle Salah al-Din.<\/p>\n<p style=\"text-align: justify;\">Adem\u00e1s, los bombardeos continuaron en Jan Yunis, donde varias \u00e1reas fueron blanco de disparos de la artiller\u00eda israel\u00ed.<\/p>\n<p style=\"text-align: justify;\">Mientras tanto, los soldados sionistas abrieron fuego contra los gazat\u00edes mientras esperaban la entrega de ayuda humanitaria en el norte de Gaza.<\/p>\n<p style=\"text-align: justify;\">La cifra de v\u00edctimas palestinas por la agresi\u00f3n israel\u00ed en casi estos cinco meses ascendi\u00f3 a 31 mil 45 muertos y 72 mil 654 heridos.<\/p>\n<p style=\"text-align: justify;\">ws\/fm<\/p>\n","protected":false},"excerpt":{"rendered":"<p>Jerusal\u00e9n ocupada, 10 mar (SANA)\u00a0 En el d\u00eda 156 de la agresi\u00f3n contra la Franja de Gaza, el ej\u00e9rcito sionista perpetr\u00f3 nuevas masacres durante las \u00faltimas 24 horas, que cobraron la vida de decenas de palestinos. Seg\u00fan medios de prensa, 15 palestinos murieron en nuevos bombardeos a\u00e9reos del ej\u00e9rcito israel\u00ed contra la zona de \u201cchalihat\u201d, &hellip;<\/p>\n","protected":false},"author":35,"featured_media":324266,"comment_status":"closed","ping_status":"closed","sticky":false,"template":"","format":"standard","meta":{"footnotes":""},"categories":[597,456,16687,20724,583],"tags":[],"class_list":["post-324264","post","type-post","status-publish","format-standard","has-post-thumbnail","","category-cinta-de-noticias","category-arabe-internacional-politica","category-internacionales","category-minuto-a-minuto","category-slide"],"_links":{"self":[{"href":"https:\/\/archive.sana.sy\/es\/index.php?rest_route=\/wp\/v2\/posts\/324264"}],"collection":[{"href":"https:\/\/archive.sana.sy\/es\/index.php?rest_route=\/wp\/v2\/posts"}],"about":[{"href":"https:\/\/archive.sana.sy\/es\/index.php?rest_route=\/wp\/v2\/types\/post"}],"author":[{"embeddable":true,"href":"https:\/\/archive.sana.sy\/es\/index.php?rest_route=\/wp\/v2\/users\/35"}],"replies":[{"embeddable":true,"href":"https:\/\/archive.sana.sy\/es\/index.php?rest_route=%2Fwp%2Fv2%2Fcomments&post=324264"}],"version-history":[{"count":2,"href":"https:\/\/archive.sana.sy\/es\/index.php?rest_route=\/wp\/v2\/posts\/324264\/revisions"}],"predecessor-version":[{"id":324268,"href":"https:\/\/archive.sana.sy\/es\/index.php?rest_route=\/wp\/v2\/posts\/324264\/revisions\/324268"}],"wp:featuredmedia":[{"embeddable":true,"href":"https:\/\/archive.sana.sy\/es\/index.php?rest_route=\/wp\/v2\/media\/324266"}],"wp:attachment":[{"href":"https:\/\/archive.sana.sy\/es\/index.php?rest_route=%2Fwp%2Fv2%2Fmedia&parent=324264"}],"wp:term":[{"taxonomy":"category","embeddable":true,"href":"https:\/\/archive.sana.sy\/es\/index.php?rest_route=%2Fwp%2Fv2%2Fcategories&post=324264"},{"taxonomy":"post_tag","embeddable":true,"href":"https:\/\/archive.sana.sy\/es\/index.php?rest_route=%2Fwp%2Fv2%2Ftags&post=324264"}],"curies":[{"name":"wp","href":"https:\/\/api.w.org\/{rel}","templated":true}]}}