{"id":324269,"date":"2024-03-10T13:22:38","date_gmt":"2024-03-10T10:22:38","guid":{"rendered":"https:\/\/sana.sy\/es\/?p=324269"},"modified":"2024-03-10T13:22:38","modified_gmt":"2024-03-10T10:22:38","slug":"inteligencia-rusa-detecta-mercenarios-extranjeros-en-avdeyevka","status":"publish","type":"post","link":"https:\/\/archive.sana.sy\/es\/?p=324269","title":{"rendered":"Inteligencia rusa detecta mercenarios extranjeros en Avd\u00e9yevka"},"content":{"rendered":"<p style=\"text-align: justify;\"><span style=\"color: #800000;\"><strong>Mosc\u00fa, 10 mar (SANA)<\/strong> <\/span>Exploradores rusos descubrieron un grupo de mercenarios extranjeros en las proximidades de los asentamientos de T\u00f3nenkoye y Orlovka, cerca de Avd\u00e9yevka.<\/p>\n<p style=\"text-align: justify;\">El asesor del jefe de Donetsk, \u00cdgor Kimakovski, escribi\u00f3 en un escueto comunicado publicado en su canal oficial de Telegram, que \u00abnuestros exploradores registraron a un grupo de mercenarios extranjeros cerca de T\u00f3nenkoye y Orlovka\u00bb.<\/p>\n<p style=\"text-align: justify;\">El funcionario de la rep\u00fablica Popular de Donetsk precis\u00f3 que, seg\u00fan los datos de control objetivos, los uniformados eran representantes de Polonia y de Georgia, que estaban operando cerca de la l\u00ednea de contacto de combate en esta secci\u00f3n del frente.<\/p>\n<p style=\"text-align: justify;\"><strong>fm\/ws<\/strong><\/p>\n","protected":false},"excerpt":{"rendered":"<p>Mosc\u00fa, 10 mar (SANA) Exploradores rusos descubrieron un grupo de mercenarios extranjeros en las proximidades de los asentamientos de T\u00f3nenkoye y Orlovka, cerca de Avd\u00e9yevka. El asesor del jefe de Donetsk, \u00cdgor Kimakovski, escribi\u00f3 en un escueto comunicado publicado en su canal oficial de Telegram, que \u00abnuestros exploradores registraron a un grupo de mercenarios extranjeros &hellip;<\/p>\n","protected":false},"author":35,"featured_media":324270,"comment_status":"closed","ping_status":"closed","sticky":false,"template":"","format":"standard","meta":{"footnotes":""},"categories":[597,456,16687,20724,7541],"tags":[],"class_list":["post-324269","post","type-post","status-publish","format-standard","has-post-thumbnail","","category-cinta-de-noticias","category-arabe-internacional-politica","category-internacionales","category-minuto-a-minuto","category-ultimas-noticias"],"_links":{"self":[{"href":"https:\/\/archive.sana.sy\/es\/index.php?rest_route=\/wp\/v2\/posts\/324269"}],"collection":[{"href":"https:\/\/archive.sana.sy\/es\/index.php?rest_route=\/wp\/v2\/posts"}],"about":[{"href":"https:\/\/archive.sana.sy\/es\/index.php?rest_route=\/wp\/v2\/types\/post"}],"author":[{"embeddable":true,"href":"https:\/\/archive.sana.sy\/es\/index.php?rest_route=\/wp\/v2\/users\/35"}],"replies":[{"embeddable":true,"href":"https:\/\/archive.sana.sy\/es\/index.php?rest_route=%2Fwp%2Fv2%2Fcomments&post=324269"}],"version-history":[{"count":1,"href":"https:\/\/archive.sana.sy\/es\/index.php?rest_route=\/wp\/v2\/posts\/324269\/revisions"}],"predecessor-version":[{"id":324271,"href":"https:\/\/archive.sana.sy\/es\/index.php?rest_route=\/wp\/v2\/posts\/324269\/revisions\/324271"}],"wp:featuredmedia":[{"embeddable":true,"href":"https:\/\/archive.sana.sy\/es\/index.php?rest_route=\/wp\/v2\/media\/324270"}],"wp:attachment":[{"href":"https:\/\/archive.sana.sy\/es\/index.php?rest_route=%2Fwp%2Fv2%2Fmedia&parent=324269"}],"wp:term":[{"taxonomy":"category","embeddable":true,"href":"https:\/\/archive.sana.sy\/es\/index.php?rest_route=%2Fwp%2Fv2%2Fcategories&post=324269"},{"taxonomy":"post_tag","embeddable":true,"href":"https:\/\/archive.sana.sy\/es\/index.php?rest_route=%2Fwp%2Fv2%2Ftags&post=324269"}],"curies":[{"name":"wp","href":"https:\/\/api.w.org\/{rel}","templated":true}]}}