{"id":324272,"date":"2024-03-10T13:31:36","date_gmt":"2024-03-10T10:31:36","guid":{"rendered":"https:\/\/sana.sy\/es\/?p=324272"},"modified":"2024-03-10T13:32:02","modified_gmt":"2024-03-10T10:32:02","slug":"la-resistencia-libanesa-ataca-posiciones-de-artilleria-israelies","status":"publish","type":"post","link":"https:\/\/archive.sana.sy\/es\/?p=324272","title":{"rendered":"La resistencia libanesa ataca posiciones de artiller\u00eda israel\u00edes"},"content":{"rendered":"<p style=\"text-align: justify;\"><span style=\"color: #800000;\"><strong>Beirut, 10 mar (SANA)\u00a0<\/strong><\/span> La Resistencia Nacional Libanesa atac\u00f3 hoy posiciones de artiller\u00eda israel\u00ed en el sitio Arar.<\/p>\n<p style=\"text-align: justify;\">\u201cEn apoyo al firme pueblo palestino en Gaza y a su valiente y honorable resistencia, nuestros combatientes atacaron con dos drones kamikazes las posiciones de artiller\u00eda en Arar&#8221;, anunci\u00f3 la Resistencia en una declaraci\u00f3n.<\/p>\n<p style=\"text-align: justify;\">Asimismo, la resistencia libanesa atac\u00f3 con docenas de misiles el asentamiento de Mer\u00f3n en el norte de Palestina ocupada.<\/p>\n<p style=\"text-align: justify;\">fm\/ws<\/p>\n","protected":false},"excerpt":{"rendered":"<p>Beirut, 10 mar (SANA)\u00a0 La Resistencia Nacional Libanesa atac\u00f3 hoy posiciones de artiller\u00eda israel\u00ed en el sitio Arar. \u201cEn apoyo al firme pueblo palestino en Gaza y a su valiente y honorable resistencia, nuestros combatientes atacaron con dos drones kamikazes las posiciones de artiller\u00eda en Arar&#8221;, anunci\u00f3 la Resistencia en una declaraci\u00f3n. Asimismo, la resistencia &hellip;<\/p>\n","protected":false},"author":35,"featured_media":324273,"comment_status":"closed","ping_status":"closed","sticky":false,"template":"","format":"standard","meta":{"footnotes":""},"categories":[597,456,16687,20724,7541],"tags":[],"class_list":["post-324272","post","type-post","status-publish","format-standard","has-post-thumbnail","","category-cinta-de-noticias","category-arabe-internacional-politica","category-internacionales","category-minuto-a-minuto","category-ultimas-noticias"],"_links":{"self":[{"href":"https:\/\/archive.sana.sy\/es\/index.php?rest_route=\/wp\/v2\/posts\/324272"}],"collection":[{"href":"https:\/\/archive.sana.sy\/es\/index.php?rest_route=\/wp\/v2\/posts"}],"about":[{"href":"https:\/\/archive.sana.sy\/es\/index.php?rest_route=\/wp\/v2\/types\/post"}],"author":[{"embeddable":true,"href":"https:\/\/archive.sana.sy\/es\/index.php?rest_route=\/wp\/v2\/users\/35"}],"replies":[{"embeddable":true,"href":"https:\/\/archive.sana.sy\/es\/index.php?rest_route=%2Fwp%2Fv2%2Fcomments&post=324272"}],"version-history":[{"count":2,"href":"https:\/\/archive.sana.sy\/es\/index.php?rest_route=\/wp\/v2\/posts\/324272\/revisions"}],"predecessor-version":[{"id":324275,"href":"https:\/\/archive.sana.sy\/es\/index.php?rest_route=\/wp\/v2\/posts\/324272\/revisions\/324275"}],"wp:featuredmedia":[{"embeddable":true,"href":"https:\/\/archive.sana.sy\/es\/index.php?rest_route=\/wp\/v2\/media\/324273"}],"wp:attachment":[{"href":"https:\/\/archive.sana.sy\/es\/index.php?rest_route=%2Fwp%2Fv2%2Fmedia&parent=324272"}],"wp:term":[{"taxonomy":"category","embeddable":true,"href":"https:\/\/archive.sana.sy\/es\/index.php?rest_route=%2Fwp%2Fv2%2Fcategories&post=324272"},{"taxonomy":"post_tag","embeddable":true,"href":"https:\/\/archive.sana.sy\/es\/index.php?rest_route=%2Fwp%2Fv2%2Ftags&post=324272"}],"curies":[{"name":"wp","href":"https:\/\/api.w.org\/{rel}","templated":true}]}}