{"id":324280,"date":"2024-03-10T15:15:45","date_gmt":"2024-03-10T12:15:45","guid":{"rendered":"https:\/\/sana.sy\/es\/?p=324280"},"modified":"2024-03-10T15:15:45","modified_gmt":"2024-03-10T12:15:45","slug":"ejercito-israeli-mato-a-85-palestinos-en-menos-de-un-dia","status":"publish","type":"post","link":"https:\/\/archive.sana.sy\/es\/?p=324280","title":{"rendered":"Ej\u00e9rcito israel\u00ed mat\u00f3 a 85 palestinos en menos de un d\u00eda"},"content":{"rendered":"<p style=\"text-align: justify;\"><span style=\"color: #800000;\"><strong>Jerusal\u00e9n ocupada, 10 mar (SANA)<\/strong><\/span> El Ministerio de Salud palestino elev\u00f3 hoy a m\u00e1s de 31 mil la cifra de palestinos masacrados por el ej\u00e9rcito israel\u00ed desde el inicio de la agresi\u00f3n contra Gaza el d\u00eda 7 de octubre pasado.<\/p>\n<p style=\"text-align: justify;\">Durante las \u00faltimas 24 horas, el ocupante israel\u00ed cometi\u00f3 8 masacres en Gaza, asesinando a 85 palestinos e hiriendo a otros 130, inform\u00f3 el ente de salud.<\/p>\n<p style=\"text-align: justify;\">Agreg\u00f3 que el n\u00famero de v\u00edctimas de la actual agresi\u00f3n aument\u00f3 a 31 mil 45 muertos y 72 mil 654 heridos.<\/p>\n<p style=\"text-align: justify;\">En el d\u00eda 156 de la guerra, el ej\u00e9rcito sionista perpetr\u00f3 nuevas masacres, que cobraron la vida de decenas de palestinos.<\/p>\n<p style=\"text-align: justify;\">Seg\u00fan medios de prensa, 15 palestinos murieron en nuevos bombardeos a\u00e9reos del ej\u00e9rcito israel\u00ed contra la zona de \u201cchalihat\u201d, al oeste de la ciudad de Jan Yunis, en el sur de Gaza.<\/p>\n<p style=\"text-align: justify;\">Otros civiles perdieron la vida en una incursi\u00f3n contra una vivienda en Beit Lahia en el norte del enclave costero.<\/p>\n<p style=\"text-align: justify;\">En la ciudad sure\u00f1a de Rafah, un palestino falleci\u00f3 y otros fueron lesionados cuando los militares israel\u00edes atacaron a un carro en la calle Salah al-Din.<\/p>\n<p style=\"text-align: justify;\">fm\/as<\/p>\n","protected":false},"excerpt":{"rendered":"<p>Jerusal\u00e9n ocupada, 10 mar (SANA) El Ministerio de Salud palestino elev\u00f3 hoy a m\u00e1s de 31 mil la cifra de palestinos masacrados por el ej\u00e9rcito israel\u00ed desde el inicio de la agresi\u00f3n contra Gaza el d\u00eda 7 de octubre pasado. Durante las \u00faltimas 24 horas, el ocupante israel\u00ed cometi\u00f3 8 masacres en Gaza, asesinando a &hellip;<\/p>\n","protected":false},"author":42,"featured_media":324281,"comment_status":"closed","ping_status":"closed","sticky":false,"template":"","format":"standard","meta":{"footnotes":""},"categories":[597,456,16687,20724,7541],"tags":[],"class_list":["post-324280","post","type-post","status-publish","format-standard","has-post-thumbnail","","category-cinta-de-noticias","category-arabe-internacional-politica","category-internacionales","category-minuto-a-minuto","category-ultimas-noticias"],"_links":{"self":[{"href":"https:\/\/archive.sana.sy\/es\/index.php?rest_route=\/wp\/v2\/posts\/324280"}],"collection":[{"href":"https:\/\/archive.sana.sy\/es\/index.php?rest_route=\/wp\/v2\/posts"}],"about":[{"href":"https:\/\/archive.sana.sy\/es\/index.php?rest_route=\/wp\/v2\/types\/post"}],"author":[{"embeddable":true,"href":"https:\/\/archive.sana.sy\/es\/index.php?rest_route=\/wp\/v2\/users\/42"}],"replies":[{"embeddable":true,"href":"https:\/\/archive.sana.sy\/es\/index.php?rest_route=%2Fwp%2Fv2%2Fcomments&post=324280"}],"version-history":[{"count":1,"href":"https:\/\/archive.sana.sy\/es\/index.php?rest_route=\/wp\/v2\/posts\/324280\/revisions"}],"predecessor-version":[{"id":324282,"href":"https:\/\/archive.sana.sy\/es\/index.php?rest_route=\/wp\/v2\/posts\/324280\/revisions\/324282"}],"wp:featuredmedia":[{"embeddable":true,"href":"https:\/\/archive.sana.sy\/es\/index.php?rest_route=\/wp\/v2\/media\/324281"}],"wp:attachment":[{"href":"https:\/\/archive.sana.sy\/es\/index.php?rest_route=%2Fwp%2Fv2%2Fmedia&parent=324280"}],"wp:term":[{"taxonomy":"category","embeddable":true,"href":"https:\/\/archive.sana.sy\/es\/index.php?rest_route=%2Fwp%2Fv2%2Fcategories&post=324280"},{"taxonomy":"post_tag","embeddable":true,"href":"https:\/\/archive.sana.sy\/es\/index.php?rest_route=%2Fwp%2Fv2%2Ftags&post=324280"}],"curies":[{"name":"wp","href":"https:\/\/api.w.org\/{rel}","templated":true}]}}