{"id":324356,"date":"2024-03-11T13:31:03","date_gmt":"2024-03-11T10:31:03","guid":{"rendered":"https:\/\/sana.sy\/es\/?p=324356"},"modified":"2024-03-11T13:31:03","modified_gmt":"2024-03-11T10:31:03","slug":"31-112-palestinos-asesinados-por-israel-en-gaza-desde-el-7-de-octubre-pasado","status":"publish","type":"post","link":"https:\/\/archive.sana.sy\/es\/?p=324356","title":{"rendered":"\u00a031.112 palestinos asesinados por Israel en Gaza desde el 7 de octubre pasado"},"content":{"rendered":"<p style=\"text-align: justify;\"><strong><span style=\"color: #800000;\">Jerusal\u00e9n ocupada, 11 mar (SANA)<\/span> <\/strong>El Ministerio de Salud palestino anunci\u00f3 hoy que el ocupante israel\u00ed cometi\u00f3 7 masacres en la Franja de Gaza durante las \u00faltimas 24 horas, dejando 67 muertos y 106 heridos.<\/p>\n<p style=\"text-align: justify;\">En un comunicado, el ente de salud indic\u00f3 que el n\u00famero de v\u00edctimas durante 157 d\u00edas de agresi\u00f3n contra Gaza ascendi\u00f3 a 31.112 muertos y 72.760 heridos.<\/p>\n<p style=\"text-align: justify;\">Indic\u00f3 que el 72 por ciento de las v\u00edctimas son ni\u00f1os y mujeres, mientras que el n\u00famero de fallecidos debido a la desnutrici\u00f3n y la deshidrataci\u00f3n alcanz\u00f3 los 25.<\/p>\n<p style=\"text-align: justify;\">El Ministerio se\u00f1al\u00f3 que varias v\u00edctimas permanecen bajo los escombros y en las carreteras, ya que el ocupante impide que los equipos de ambulancias y de defensa civil lleguen a ellos.<\/p>\n<p>fm\/ed<\/p>\n<p style=\"text-align: justify;\">\n","protected":false},"excerpt":{"rendered":"<p>Jerusal\u00e9n ocupada, 11 mar (SANA) El Ministerio de Salud palestino anunci\u00f3 hoy que el ocupante israel\u00ed cometi\u00f3 7 masacres en la Franja de Gaza durante las \u00faltimas 24 horas, dejando 67 muertos y 106 heridos. En un comunicado, el ente de salud indic\u00f3 que el n\u00famero de v\u00edctimas durante 157 d\u00edas de agresi\u00f3n contra Gaza &hellip;<\/p>\n","protected":false},"author":32,"featured_media":324357,"comment_status":"closed","ping_status":"closed","sticky":false,"template":"","format":"standard","meta":{"footnotes":""},"categories":[597,456,20724,583],"tags":[],"class_list":["post-324356","post","type-post","status-publish","format-standard","has-post-thumbnail","","category-cinta-de-noticias","category-arabe-internacional-politica","category-minuto-a-minuto","category-slide"],"_links":{"self":[{"href":"https:\/\/archive.sana.sy\/es\/index.php?rest_route=\/wp\/v2\/posts\/324356"}],"collection":[{"href":"https:\/\/archive.sana.sy\/es\/index.php?rest_route=\/wp\/v2\/posts"}],"about":[{"href":"https:\/\/archive.sana.sy\/es\/index.php?rest_route=\/wp\/v2\/types\/post"}],"author":[{"embeddable":true,"href":"https:\/\/archive.sana.sy\/es\/index.php?rest_route=\/wp\/v2\/users\/32"}],"replies":[{"embeddable":true,"href":"https:\/\/archive.sana.sy\/es\/index.php?rest_route=%2Fwp%2Fv2%2Fcomments&post=324356"}],"version-history":[{"count":1,"href":"https:\/\/archive.sana.sy\/es\/index.php?rest_route=\/wp\/v2\/posts\/324356\/revisions"}],"predecessor-version":[{"id":324358,"href":"https:\/\/archive.sana.sy\/es\/index.php?rest_route=\/wp\/v2\/posts\/324356\/revisions\/324358"}],"wp:featuredmedia":[{"embeddable":true,"href":"https:\/\/archive.sana.sy\/es\/index.php?rest_route=\/wp\/v2\/media\/324357"}],"wp:attachment":[{"href":"https:\/\/archive.sana.sy\/es\/index.php?rest_route=%2Fwp%2Fv2%2Fmedia&parent=324356"}],"wp:term":[{"taxonomy":"category","embeddable":true,"href":"https:\/\/archive.sana.sy\/es\/index.php?rest_route=%2Fwp%2Fv2%2Fcategories&post=324356"},{"taxonomy":"post_tag","embeddable":true,"href":"https:\/\/archive.sana.sy\/es\/index.php?rest_route=%2Fwp%2Fv2%2Ftags&post=324356"}],"curies":[{"name":"wp","href":"https:\/\/api.w.org\/{rel}","templated":true}]}}