{"id":324361,"date":"2024-03-11T14:10:51","date_gmt":"2024-03-11T11:10:51","guid":{"rendered":"https:\/\/sana.sy\/es\/?p=324361"},"modified":"2024-03-11T14:11:03","modified_gmt":"2024-03-11T11:11:03","slug":"prisionero-ucraniano-nuestras-fuerzas-huyeron-y-nos-abandonaron-en-avdeyevka","status":"publish","type":"post","link":"https:\/\/archive.sana.sy\/es\/?p=324361","title":{"rendered":"Prisionero ucraniano: Nuestras fuerzas huyeron y nos abandonaron en Avd\u00e9yevka"},"content":{"rendered":"<p style=\"text-align: justify;\"><span style=\"color: #800000;\"><strong>Mosc\u00fa, 11 mar (SANA)<\/strong> <\/span>Un prisionero ucraniano revel\u00f3 que las fuerzas del r\u00e9gimen de Kiev, durante su huida de la ciudad de Avd\u00e9yevka en la Rep\u00fablica Popular de Donetsk, abandonaron a los soldados en sus posiciones, que tuvieron que rendirse al ej\u00e9rcito ruso.<\/p>\n<p style=\"text-align: justify;\">\u201cMi unidad fue enviada a posiciones cerca de Avd\u00e9yevka en febrero, y luego, mi comando nos dej\u00f3 all\u00ed y nunca m\u00e1s se comunic\u00f3 con nosotros\u201d, dijo el prisionero ucraniano Vitaly Tsalko.<\/p>\n<p style=\"text-align: justify;\">Afirm\u00f3 que supo del paradero de su unidad s\u00f3lo cuando cay\u00f3 en manos del ej\u00e9rcito ruso porque el mando de las fuerzas ucranianas no le inform\u00f3 nada.<\/p>\n<p style=\"text-align: justify;\">Avd\u00e9yevka es uno de los suburbios de la ciudad de Donetsk, y las fuerzas ucranianas lo convirtieron en una zona bien fortificada, y desde all\u00ed bombardearon zonas residenciales en Donetsk desde 2014.<\/p>\n<p style=\"text-align: justify;\">as\/fm<\/p>\n","protected":false},"excerpt":{"rendered":"<p>Mosc\u00fa, 11 mar (SANA) Un prisionero ucraniano revel\u00f3 que las fuerzas del r\u00e9gimen de Kiev, durante su huida de la ciudad de Avd\u00e9yevka en la Rep\u00fablica Popular de Donetsk, abandonaron a los soldados en sus posiciones, que tuvieron que rendirse al ej\u00e9rcito ruso. \u201cMi unidad fue enviada a posiciones cerca de Avd\u00e9yevka en febrero, y &hellip;<\/p>\n","protected":false},"author":32,"featured_media":324362,"comment_status":"closed","ping_status":"closed","sticky":false,"template":"","format":"standard","meta":{"footnotes":""},"categories":[597,456,20724,7541],"tags":[],"class_list":["post-324361","post","type-post","status-publish","format-standard","has-post-thumbnail","","category-cinta-de-noticias","category-arabe-internacional-politica","category-minuto-a-minuto","category-ultimas-noticias"],"_links":{"self":[{"href":"https:\/\/archive.sana.sy\/es\/index.php?rest_route=\/wp\/v2\/posts\/324361"}],"collection":[{"href":"https:\/\/archive.sana.sy\/es\/index.php?rest_route=\/wp\/v2\/posts"}],"about":[{"href":"https:\/\/archive.sana.sy\/es\/index.php?rest_route=\/wp\/v2\/types\/post"}],"author":[{"embeddable":true,"href":"https:\/\/archive.sana.sy\/es\/index.php?rest_route=\/wp\/v2\/users\/32"}],"replies":[{"embeddable":true,"href":"https:\/\/archive.sana.sy\/es\/index.php?rest_route=%2Fwp%2Fv2%2Fcomments&post=324361"}],"version-history":[{"count":2,"href":"https:\/\/archive.sana.sy\/es\/index.php?rest_route=\/wp\/v2\/posts\/324361\/revisions"}],"predecessor-version":[{"id":324364,"href":"https:\/\/archive.sana.sy\/es\/index.php?rest_route=\/wp\/v2\/posts\/324361\/revisions\/324364"}],"wp:featuredmedia":[{"embeddable":true,"href":"https:\/\/archive.sana.sy\/es\/index.php?rest_route=\/wp\/v2\/media\/324362"}],"wp:attachment":[{"href":"https:\/\/archive.sana.sy\/es\/index.php?rest_route=%2Fwp%2Fv2%2Fmedia&parent=324361"}],"wp:term":[{"taxonomy":"category","embeddable":true,"href":"https:\/\/archive.sana.sy\/es\/index.php?rest_route=%2Fwp%2Fv2%2Fcategories&post=324361"},{"taxonomy":"post_tag","embeddable":true,"href":"https:\/\/archive.sana.sy\/es\/index.php?rest_route=%2Fwp%2Fv2%2Ftags&post=324361"}],"curies":[{"name":"wp","href":"https:\/\/api.w.org\/{rel}","templated":true}]}}