{"id":324365,"date":"2024-03-11T14:16:40","date_gmt":"2024-03-11T11:16:40","guid":{"rendered":"https:\/\/sana.sy\/es\/?p=324365"},"modified":"2024-03-11T14:19:45","modified_gmt":"2024-03-11T11:19:45","slug":"la-resistencia-libanesa-ataca-con-drones-kamikazes-a-a-un-cuartel-general-del-ejercito-israeli","status":"publish","type":"post","link":"https:\/\/archive.sana.sy\/es\/?p=324365","title":{"rendered":"La resistencia libanesa ataca con drones kamikazes a a un cuartel general del ej\u00e9rcito israel\u00ed"},"content":{"rendered":"<p style=\"text-align: justify;\"><span style=\"color: #800000;\"><strong>Beirut, 11 mar (SANA)<\/strong> <\/span>La Resistencia Nacional Libanesa atac\u00f3 posiciones y cuarteles israel\u00ed en el norte de Palestina ocupada.<\/p>\n<p style=\"text-align: justify;\">\u201cEn apoyo al pueblo palestino en la Franja de Gaza y su valiente resistencia, nuestros combatientes atacaron el sitio de Jal al-Alam\u201d, inform\u00f3 la Resistencia Nacional Libanesa en un comunicado.<\/p>\n<p style=\"text-align: justify;\">En otro comunicado, la resistencia explic\u00f3 que sus combatientes tambi\u00e9n lanzaron un ataque con cuatro drones contra el cuartel general de defensa a\u00e9rea y con misiles guiados el cuartel de Kaila.<\/p>\n<p style=\"text-align: justify;\">ed\/fm<\/p>\n","protected":false},"excerpt":{"rendered":"<p>Beirut, 11 mar (SANA) La Resistencia Nacional Libanesa atac\u00f3 posiciones y cuarteles israel\u00ed en el norte de Palestina ocupada. \u201cEn apoyo al pueblo palestino en la Franja de Gaza y su valiente resistencia, nuestros combatientes atacaron el sitio de Jal al-Alam\u201d, inform\u00f3 la Resistencia Nacional Libanesa en un comunicado. En otro comunicado, la resistencia explic\u00f3 &hellip;<\/p>\n","protected":false},"author":32,"featured_media":324366,"comment_status":"closed","ping_status":"closed","sticky":false,"template":"","format":"standard","meta":{"footnotes":""},"categories":[597,456,20724,7541],"tags":[],"class_list":["post-324365","post","type-post","status-publish","format-standard","has-post-thumbnail","","category-cinta-de-noticias","category-arabe-internacional-politica","category-minuto-a-minuto","category-ultimas-noticias"],"_links":{"self":[{"href":"https:\/\/archive.sana.sy\/es\/index.php?rest_route=\/wp\/v2\/posts\/324365"}],"collection":[{"href":"https:\/\/archive.sana.sy\/es\/index.php?rest_route=\/wp\/v2\/posts"}],"about":[{"href":"https:\/\/archive.sana.sy\/es\/index.php?rest_route=\/wp\/v2\/types\/post"}],"author":[{"embeddable":true,"href":"https:\/\/archive.sana.sy\/es\/index.php?rest_route=\/wp\/v2\/users\/32"}],"replies":[{"embeddable":true,"href":"https:\/\/archive.sana.sy\/es\/index.php?rest_route=%2Fwp%2Fv2%2Fcomments&post=324365"}],"version-history":[{"count":2,"href":"https:\/\/archive.sana.sy\/es\/index.php?rest_route=\/wp\/v2\/posts\/324365\/revisions"}],"predecessor-version":[{"id":324368,"href":"https:\/\/archive.sana.sy\/es\/index.php?rest_route=\/wp\/v2\/posts\/324365\/revisions\/324368"}],"wp:featuredmedia":[{"embeddable":true,"href":"https:\/\/archive.sana.sy\/es\/index.php?rest_route=\/wp\/v2\/media\/324366"}],"wp:attachment":[{"href":"https:\/\/archive.sana.sy\/es\/index.php?rest_route=%2Fwp%2Fv2%2Fmedia&parent=324365"}],"wp:term":[{"taxonomy":"category","embeddable":true,"href":"https:\/\/archive.sana.sy\/es\/index.php?rest_route=%2Fwp%2Fv2%2Fcategories&post=324365"},{"taxonomy":"post_tag","embeddable":true,"href":"https:\/\/archive.sana.sy\/es\/index.php?rest_route=%2Fwp%2Fv2%2Ftags&post=324365"}],"curies":[{"name":"wp","href":"https:\/\/api.w.org\/{rel}","templated":true}]}}