{"id":324376,"date":"2024-03-11T16:10:57","date_gmt":"2024-03-11T13:10:57","guid":{"rendered":"https:\/\/sana.sy\/es\/?p=324376"},"modified":"2024-03-11T16:10:57","modified_gmt":"2024-03-11T13:10:57","slug":"siria-y-abjasia-repasan-cooperacion-en-campos-de-la-ciencia-y-la-investigativa","status":"publish","type":"post","link":"https:\/\/archive.sana.sy\/es\/?p=324376","title":{"rendered":"Siria y Abjasia repasan cooperaci\u00f3n en campos de la ciencia y la investigativa"},"content":{"rendered":"<p style=\"text-align: justify;\"><span style=\"color: #800000;\"><strong>Damasco, 11 mar (SANA)<\/strong><\/span>\u00a0 El ministro de Educaci\u00f3n Superior e Investigaci\u00f3n Cient\u00edfica, Bassam Ibrahim, convers\u00f3 con el embajador de Abjasia en Damasco, Jalalovic Ali, acerca de las perspectivas de la cooperaci\u00f3n cient\u00edfica, cultural y de investigaci\u00f3n, adem\u00e1s del tema de la construcci\u00f3n de capacidades, los recursos humanos y las becas estudiantiles.<\/p>\n<p style=\"text-align: justify;\">El titular subray\u00f3 la importancia de la activaci\u00f3n de los memorandos de entendimiento firmados entre ambas partes, adem\u00e1s de establecer un mecanismo para la comunicaci\u00f3n.<\/p>\n<p style=\"text-align: justify;\">Destac\u00f3 la importancia de la Universidad Nacional de Abjasia en ciencias agr\u00edcolas y veteran\u00edas, y en la carrera de Derecho<\/p>\n<p style=\"text-align: justify;\">El alto funcionario sirio ofreci\u00f3 una explicaci\u00f3n sobre la realidad de la Educaci\u00f3n Superior en Siria y el rol de los hospitales docentes en la prestaci\u00f3n de servicios terap\u00e9uticos y educativos a los ciudadanos.<\/p>\n<p style=\"text-align: justify;\">Por su parte, el embajador abjasio expres\u00f3 el deseo de su pa\u00eds de desarrollar e enriquecer la cooperaci\u00f3n con Siria en todas sus \u00e1reas.<\/p>\n<p style=\"text-align: justify;\">ms\/fm<\/p>\n","protected":false},"excerpt":{"rendered":"<p>Damasco, 11 mar (SANA)\u00a0 El ministro de Educaci\u00f3n Superior e Investigaci\u00f3n Cient\u00edfica, Bassam Ibrahim, convers\u00f3 con el embajador de Abjasia en Damasco, Jalalovic Ali, acerca de las perspectivas de la cooperaci\u00f3n cient\u00edfica, cultural y de investigaci\u00f3n, adem\u00e1s del tema de la construcci\u00f3n de capacidades, los recursos humanos y las becas estudiantiles. El titular subray\u00f3 la &hellip;<\/p>\n","protected":false},"author":32,"featured_media":324377,"comment_status":"closed","ping_status":"closed","sticky":false,"template":"","format":"standard","meta":{"footnotes":""},"categories":[477,597,20724,476,7541],"tags":[],"class_list":["post-324376","post","type-post","status-publish","format-standard","has-post-thumbnail","","category-noticias-edulcorantes","category-cinta-de-noticias","category-minuto-a-minuto","category-locales","category-ultimas-noticias"],"_links":{"self":[{"href":"https:\/\/archive.sana.sy\/es\/index.php?rest_route=\/wp\/v2\/posts\/324376"}],"collection":[{"href":"https:\/\/archive.sana.sy\/es\/index.php?rest_route=\/wp\/v2\/posts"}],"about":[{"href":"https:\/\/archive.sana.sy\/es\/index.php?rest_route=\/wp\/v2\/types\/post"}],"author":[{"embeddable":true,"href":"https:\/\/archive.sana.sy\/es\/index.php?rest_route=\/wp\/v2\/users\/32"}],"replies":[{"embeddable":true,"href":"https:\/\/archive.sana.sy\/es\/index.php?rest_route=%2Fwp%2Fv2%2Fcomments&post=324376"}],"version-history":[{"count":1,"href":"https:\/\/archive.sana.sy\/es\/index.php?rest_route=\/wp\/v2\/posts\/324376\/revisions"}],"predecessor-version":[{"id":324378,"href":"https:\/\/archive.sana.sy\/es\/index.php?rest_route=\/wp\/v2\/posts\/324376\/revisions\/324378"}],"wp:featuredmedia":[{"embeddable":true,"href":"https:\/\/archive.sana.sy\/es\/index.php?rest_route=\/wp\/v2\/media\/324377"}],"wp:attachment":[{"href":"https:\/\/archive.sana.sy\/es\/index.php?rest_route=%2Fwp%2Fv2%2Fmedia&parent=324376"}],"wp:term":[{"taxonomy":"category","embeddable":true,"href":"https:\/\/archive.sana.sy\/es\/index.php?rest_route=%2Fwp%2Fv2%2Fcategories&post=324376"},{"taxonomy":"post_tag","embeddable":true,"href":"https:\/\/archive.sana.sy\/es\/index.php?rest_route=%2Fwp%2Fv2%2Ftags&post=324376"}],"curies":[{"name":"wp","href":"https:\/\/api.w.org\/{rel}","templated":true}]}}