{"id":324398,"date":"2024-03-12T06:42:15","date_gmt":"2024-03-12T03:42:15","guid":{"rendered":"https:\/\/sana.sy\/es\/?p=324398"},"modified":"2024-03-12T06:48:26","modified_gmt":"2024-03-12T03:48:26","slug":"25-telenovelas-sirias-producidas-este-ano-se-proyectan-en-30-televisoras-arabes","status":"publish","type":"post","link":"https:\/\/archive.sana.sy\/es\/?p=324398","title":{"rendered":"La vida vuelve a la industria siria de telenovelas"},"content":{"rendered":"<p style=\"text-align: justify;\"><span style=\"color: #800000;\"><strong>Damasco, 12 mar (SANA)<\/strong> <\/span>Las teleseries sirias han vuelto este a\u00f1o a ocupar destacado espacio en las pantallas \u00e1rabes, particularmente durante el mes de Ramad\u00e1n.<\/p>\n<p style=\"text-align: justify;\"><img loading=\"lazy\" decoding=\"async\" class=\" wp-image-324399 alignleft\" src=\"http:\/\/sana.sy\/es\/wp-content\/uploads\/2024\/03\/drama-siria-300x195.jpeg\" alt=\"25 telenovelas sirias producidas este a\u00f1o se proyectan en 30 televisoras \u00e1rabes\" width=\"246\" height=\"160\" srcset=\"https:\/\/archive.sana.sy\/es\/wp-content\/uploads\/2024\/03\/drama-siria-300x195.jpeg 300w, https:\/\/archive.sana.sy\/es\/wp-content\/uploads\/2024\/03\/drama-siria-150x98.jpeg 150w, https:\/\/archive.sana.sy\/es\/wp-content\/uploads\/2024\/03\/drama-siria.jpeg 660w\" sizes=\"(max-width: 246px) 100vw, 246px\" \/>El jefe de la junta directiva del Comit\u00e9 de Industria de Cine y Televisi\u00f3n de Siria, Ali Aniz, revel\u00f3 la producci\u00f3n de 25 telenovelas que se proyectan en m\u00e1s de 30 televisoras \u00e1rabes.<\/p>\n<p style=\"text-align: justify;\">Las teleseries este a\u00f1o, como en a\u00f1os anteriores, abordaron diversos temas sociales, polic\u00edacos e hist\u00f3ricos, dijo el funcionario en una rueda de prensa celebrada en esta capital.<\/p>\n<p style=\"text-align: justify;\"><span style=\"color: #000080;\"><strong>Gran popularidad de las teleseries sirias<\/strong><\/span><\/p>\n<p style=\"text-align: justify;\">Destac\u00f3 la amplia difusi\u00f3n de las obras dram\u00e1ticas sirias en el mundo \u00e1rabe y su popularidad entre el p\u00fablico, y aclar\u00f3 que esto se debe a los buenos productores, actores, actrices y t\u00e9cnicos.<\/p>\n<p style=\"text-align: justify;\">\u00a0<img loading=\"lazy\" decoding=\"async\" class=\"wp-image-324401 alignleft\" src=\"http:\/\/sana.sy\/es\/wp-content\/uploads\/2024\/03\/RAMADAN-SERIES8-1024x768-1-300x225.jpg\" alt=\"\" width=\"244\" height=\"183\" srcset=\"https:\/\/archive.sana.sy\/es\/wp-content\/uploads\/2024\/03\/RAMADAN-SERIES8-1024x768-1-300x225.jpg 300w, https:\/\/archive.sana.sy\/es\/wp-content\/uploads\/2024\/03\/RAMADAN-SERIES8-1024x768-1-150x113.jpg 150w, https:\/\/archive.sana.sy\/es\/wp-content\/uploads\/2024\/03\/RAMADAN-SERIES8-1024x768-1-768x576.jpg 768w, https:\/\/archive.sana.sy\/es\/wp-content\/uploads\/2024\/03\/RAMADAN-SERIES8-1024x768-1.jpg 1024w\" sizes=\"(max-width: 244px) 100vw, 244px\" \/>Por otro lado, revel\u00f3 que los productores \u00e1rabes han vuelto a invertir en las telenovelas del pa\u00eds por ser un campo rentable en t\u00e9rminos de bajos costos y alta profesionalidad del personal.<\/p>\n<p style=\"text-align: justify;\">Es una industria importante en la que se invierten millones de d\u00f3lares y ofrece oportunidades laborales para escritores, directores, artistas y t\u00e9cnicos, precis\u00f3.<\/p>\n<p style=\"text-align: justify;\"><span style=\"color: #000080;\"><strong>Fin del boicot de algunos pa\u00edses \u00e1rabes a las telenovelas sirias<\/strong><\/span><\/p>\n<p style=\"text-align: justify;\">Por otro lado, dio a conocer que el boicot \u00e1rabe a las teleseries sirias ha terminado este a\u00f1o, particularmente por parte de las televisoras de los pa\u00edses del Golfo Ar\u00e1bigo.<\/p>\n<p style=\"text-align: justify;\">Se vendieron este a\u00f1o cuatro telenovelas a la televisi\u00f3n saudita por primera vez desde el inicio de la guerra, precis\u00f3.<\/p>\n<p style=\"text-align: justify;\"><span style=\"color: #000080;\"><strong>Apoyo gubernamental desde el m\u00e1s alto nivel a este sector<\/strong><\/span><\/p>\n<p style=\"text-align: justify;\"><img loading=\"lazy\" decoding=\"async\" class=\" wp-image-324310 alignleft\" src=\"http:\/\/sana.sy\/es\/wp-content\/uploads\/2024\/03\/02-copy-300x203.jpg\" alt=\"\" width=\"233\" height=\"158\" srcset=\"https:\/\/archive.sana.sy\/es\/wp-content\/uploads\/2024\/03\/02-copy-300x203.jpg 300w, https:\/\/archive.sana.sy\/es\/wp-content\/uploads\/2024\/03\/02-copy-150x102.jpg 150w, https:\/\/archive.sana.sy\/es\/wp-content\/uploads\/2024\/03\/02-copy-110x75.jpg 110w, https:\/\/archive.sana.sy\/es\/wp-content\/uploads\/2024\/03\/02-copy.jpg 660w\" sizes=\"(max-width: 233px) 100vw, 233px\" \/>En un contexto relacionado, el presidente Bashar Al-Assad recibi\u00f3 a un grupo de destacados y famosos actores, actrices y directores de telenovelas.<\/p>\n<p style=\"text-align: justify;\">Durante el encuentro, se entabl\u00f3 un dialog\u00f3 sobre la industria de las telenovelas, los desaf\u00edos de la producci\u00f3n, los textos, la filmaci\u00f3n, el papel actual de las teleseries dentro de la sociedad y las v\u00edas de apoyar esta industria en el futuro.<\/p>\n<p>&nbsp;<\/p>\n<p><strong>Por Fady Marouf<\/strong><\/p>\n","protected":false},"excerpt":{"rendered":"<p>Damasco, 12 mar (SANA) Las teleseries sirias han vuelto este a\u00f1o a ocupar destacado espacio en las pantallas \u00e1rabes, particularmente durante el mes de Ramad\u00e1n. El jefe de la junta directiva del Comit\u00e9 de Industria de Cine y Televisi\u00f3n de Siria, Ali Aniz, revel\u00f3 la producci\u00f3n de 25 telenovelas que se proyectan en m\u00e1s de &hellip;<\/p>\n","protected":false},"author":34,"featured_media":324404,"comment_status":"closed","ping_status":"closed","sticky":false,"template":"","format":"standard","meta":{"footnotes":""},"categories":[477,447,597,510,20724,583],"tags":[],"class_list":["post-324398","post","type-post","status-publish","format-standard","has-post-thumbnail","","category-noticias-edulcorantes","category-local-politica","category-cinta-de-noticias","category-arte-y-cultura","category-minuto-a-minuto","category-slide"],"_links":{"self":[{"href":"https:\/\/archive.sana.sy\/es\/index.php?rest_route=\/wp\/v2\/posts\/324398"}],"collection":[{"href":"https:\/\/archive.sana.sy\/es\/index.php?rest_route=\/wp\/v2\/posts"}],"about":[{"href":"https:\/\/archive.sana.sy\/es\/index.php?rest_route=\/wp\/v2\/types\/post"}],"author":[{"embeddable":true,"href":"https:\/\/archive.sana.sy\/es\/index.php?rest_route=\/wp\/v2\/users\/34"}],"replies":[{"embeddable":true,"href":"https:\/\/archive.sana.sy\/es\/index.php?rest_route=%2Fwp%2Fv2%2Fcomments&post=324398"}],"version-history":[{"count":5,"href":"https:\/\/archive.sana.sy\/es\/index.php?rest_route=\/wp\/v2\/posts\/324398\/revisions"}],"predecessor-version":[{"id":324407,"href":"https:\/\/archive.sana.sy\/es\/index.php?rest_route=\/wp\/v2\/posts\/324398\/revisions\/324407"}],"wp:featuredmedia":[{"embeddable":true,"href":"https:\/\/archive.sana.sy\/es\/index.php?rest_route=\/wp\/v2\/media\/324404"}],"wp:attachment":[{"href":"https:\/\/archive.sana.sy\/es\/index.php?rest_route=%2Fwp%2Fv2%2Fmedia&parent=324398"}],"wp:term":[{"taxonomy":"category","embeddable":true,"href":"https:\/\/archive.sana.sy\/es\/index.php?rest_route=%2Fwp%2Fv2%2Fcategories&post=324398"},{"taxonomy":"post_tag","embeddable":true,"href":"https:\/\/archive.sana.sy\/es\/index.php?rest_route=%2Fwp%2Fv2%2Ftags&post=324398"}],"curies":[{"name":"wp","href":"https:\/\/api.w.org\/{rel}","templated":true}]}}