{"id":324428,"date":"2024-03-12T13:09:14","date_gmt":"2024-03-12T10:09:14","guid":{"rendered":"https:\/\/sana.sy\/es\/?p=324428"},"modified":"2024-03-12T18:12:59","modified_gmt":"2024-03-12T15:12:59","slug":"la-hambruna-golpea-a-palestinos-en-el-norte-de-gaza","status":"publish","type":"post","link":"https:\/\/archive.sana.sy\/es\/?p=324428","title":{"rendered":"La hambruna golpea a palestinos en el norte de Gaza"},"content":{"rendered":"<p style=\"text-align: justify\"><span style=\"color: #800000\"><strong>Jerusal\u00e9n ocupada, 12 mar (SANA)<\/strong> <\/span>El Ministerio de Salud palestino afirm\u00f3 hoy que los bombardeos israel\u00edes contra los palestinos que esperan la ayuda humanitaria en el norte de la Franja de Gaza se han convertido en una rutina diaria del ocupante y esto ya se ha quedado claro para todos.<\/p>\n<p style=\"text-align: justify\">La comunidad internacional ver\u00e1 un mayor n\u00famero de v\u00edctimas del hambre durante los pr\u00f3ximos d\u00edas si no toman medidas para salvar a los palestinos, advirti\u00f3 el ente de salud.<\/p>\n<p style=\"text-align: justify\">Llam\u00f3 a salvar a los palestinos en el norte de Gaza y no dejarlos v\u00edctimas del hambre, el asesinato y las enfermedades.<\/p>\n<p style=\"text-align: justify\">El n\u00famero de muertos debido al hambre en Gaza aument\u00f3 a 27 desde el inicio de la agresi\u00f3n israel\u00ed.<\/p>\n<p style=\"text-align: justify\">as\/fm<\/p>\n","protected":false},"excerpt":{"rendered":"<p>Jerusal\u00e9n ocupada, 12 mar (SANA) El Ministerio de Salud palestino afirm\u00f3 hoy que los bombardeos israel\u00edes contra los palestinos que esperan la ayuda humanitaria en el norte de la Franja de Gaza se han convertido en una rutina diaria del ocupante y esto ya se ha quedado claro para todos. La comunidad internacional ver\u00e1 un &hellip;<\/p>\n","protected":false},"author":42,"featured_media":324429,"comment_status":"closed","ping_status":"closed","sticky":false,"template":"","format":"standard","meta":{"footnotes":""},"categories":[597,456,16687,20724,7541],"tags":[],"class_list":["post-324428","post","type-post","status-publish","format-standard","has-post-thumbnail","","category-cinta-de-noticias","category-arabe-internacional-politica","category-internacionales","category-minuto-a-minuto","category-ultimas-noticias"],"_links":{"self":[{"href":"https:\/\/archive.sana.sy\/es\/index.php?rest_route=\/wp\/v2\/posts\/324428"}],"collection":[{"href":"https:\/\/archive.sana.sy\/es\/index.php?rest_route=\/wp\/v2\/posts"}],"about":[{"href":"https:\/\/archive.sana.sy\/es\/index.php?rest_route=\/wp\/v2\/types\/post"}],"author":[{"embeddable":true,"href":"https:\/\/archive.sana.sy\/es\/index.php?rest_route=\/wp\/v2\/users\/42"}],"replies":[{"embeddable":true,"href":"https:\/\/archive.sana.sy\/es\/index.php?rest_route=%2Fwp%2Fv2%2Fcomments&post=324428"}],"version-history":[{"count":2,"href":"https:\/\/archive.sana.sy\/es\/index.php?rest_route=\/wp\/v2\/posts\/324428\/revisions"}],"predecessor-version":[{"id":324459,"href":"https:\/\/archive.sana.sy\/es\/index.php?rest_route=\/wp\/v2\/posts\/324428\/revisions\/324459"}],"wp:featuredmedia":[{"embeddable":true,"href":"https:\/\/archive.sana.sy\/es\/index.php?rest_route=\/wp\/v2\/media\/324429"}],"wp:attachment":[{"href":"https:\/\/archive.sana.sy\/es\/index.php?rest_route=%2Fwp%2Fv2%2Fmedia&parent=324428"}],"wp:term":[{"taxonomy":"category","embeddable":true,"href":"https:\/\/archive.sana.sy\/es\/index.php?rest_route=%2Fwp%2Fv2%2Fcategories&post=324428"},{"taxonomy":"post_tag","embeddable":true,"href":"https:\/\/archive.sana.sy\/es\/index.php?rest_route=%2Fwp%2Fv2%2Ftags&post=324428"}],"curies":[{"name":"wp","href":"https:\/\/api.w.org\/{rel}","templated":true}]}}