{"id":324441,"date":"2024-03-12T14:26:36","date_gmt":"2024-03-12T11:26:36","guid":{"rendered":"https:\/\/sana.sy\/es\/?p=324441"},"modified":"2024-03-12T14:27:06","modified_gmt":"2024-03-12T11:27:06","slug":"decenas-de-palestinos-asesinados-en-el-dia-158-de-la-agresion-israeli-contra-gaza","status":"publish","type":"post","link":"https:\/\/archive.sana.sy\/es\/?p=324441","title":{"rendered":"Decenas de palestinos asesinados en el d\u00eda 158 de la agresi\u00f3n israel\u00ed contra Gaza"},"content":{"rendered":"<p style=\"text-align: justify;\"><span style=\"color: #800000;\"><strong>Jerusal\u00e9n ocupada, 12 mar (SANA) <\/strong><\/span>Decenas de palestinos perdieron la vida y otros resultaron heridos por los bombardeos a\u00e9reos y de artiller\u00eda israel\u00edes contra zonas de la Franja de Gaza.<\/p>\n<p style=\"text-align: justify;\">Medios de prensa palestinos reportaron que el ocupante israel\u00ed atac\u00f3 a los palestinos que esperaban la llegada de la ayuda humanitaria en la ciudad de Gaza, lo que caus\u00f3 la muerte de 9 personas mientras m\u00e1s de otras 20 resultaron heridas.<\/p>\n<p style=\"text-align: justify;\">Asimismo, varios palestinos perdieron la vida y otros resultaron heridos como resultado de los bombardeos sionistas a las ciudades de Rafah y Khan Yunis, en el sur de la Franja de Gaza.<\/p>\n<p style=\"text-align: justify;\">La v\u00edspera, el Ministerio de Salud palestino anunci\u00f3 que la cifra de v\u00edctimas en Gaza desde el 7 de octubre pasado, ascendi\u00f3 a 31.000 muertos y 72.760 heridos.<\/p>\n<p style=\"text-align: justify;\">Indic\u00f3 que el 72 por ciento de las v\u00edctimas son ni\u00f1os y mujeres, mientras que el n\u00famero de fallecidos debido a la desnutrici\u00f3n y la deshidrataci\u00f3n alcanz\u00f3 los 25.<\/p>\n<p style=\"text-align: justify;\">ed\/as<\/p>\n","protected":false},"excerpt":{"rendered":"<p>Jerusal\u00e9n ocupada, 12 mar (SANA) Decenas de palestinos perdieron la vida y otros resultaron heridos por los bombardeos a\u00e9reos y de artiller\u00eda israel\u00edes contra zonas de la Franja de Gaza. Medios de prensa palestinos reportaron que el ocupante israel\u00ed atac\u00f3 a los palestinos que esperaban la llegada de la ayuda humanitaria en la ciudad de &hellip;<\/p>\n","protected":false},"author":42,"featured_media":324442,"comment_status":"closed","ping_status":"closed","sticky":false,"template":"","format":"standard","meta":{"footnotes":""},"categories":[597,456,16687,20724,7541],"tags":[],"class_list":["post-324441","post","type-post","status-publish","format-standard","has-post-thumbnail","","category-cinta-de-noticias","category-arabe-internacional-politica","category-internacionales","category-minuto-a-minuto","category-ultimas-noticias"],"_links":{"self":[{"href":"https:\/\/archive.sana.sy\/es\/index.php?rest_route=\/wp\/v2\/posts\/324441"}],"collection":[{"href":"https:\/\/archive.sana.sy\/es\/index.php?rest_route=\/wp\/v2\/posts"}],"about":[{"href":"https:\/\/archive.sana.sy\/es\/index.php?rest_route=\/wp\/v2\/types\/post"}],"author":[{"embeddable":true,"href":"https:\/\/archive.sana.sy\/es\/index.php?rest_route=\/wp\/v2\/users\/42"}],"replies":[{"embeddable":true,"href":"https:\/\/archive.sana.sy\/es\/index.php?rest_route=%2Fwp%2Fv2%2Fcomments&post=324441"}],"version-history":[{"count":2,"href":"https:\/\/archive.sana.sy\/es\/index.php?rest_route=\/wp\/v2\/posts\/324441\/revisions"}],"predecessor-version":[{"id":324444,"href":"https:\/\/archive.sana.sy\/es\/index.php?rest_route=\/wp\/v2\/posts\/324441\/revisions\/324444"}],"wp:featuredmedia":[{"embeddable":true,"href":"https:\/\/archive.sana.sy\/es\/index.php?rest_route=\/wp\/v2\/media\/324442"}],"wp:attachment":[{"href":"https:\/\/archive.sana.sy\/es\/index.php?rest_route=%2Fwp%2Fv2%2Fmedia&parent=324441"}],"wp:term":[{"taxonomy":"category","embeddable":true,"href":"https:\/\/archive.sana.sy\/es\/index.php?rest_route=%2Fwp%2Fv2%2Fcategories&post=324441"},{"taxonomy":"post_tag","embeddable":true,"href":"https:\/\/archive.sana.sy\/es\/index.php?rest_route=%2Fwp%2Fv2%2Ftags&post=324441"}],"curies":[{"name":"wp","href":"https:\/\/api.w.org\/{rel}","templated":true}]}}