{"id":324465,"date":"2024-03-12T18:33:00","date_gmt":"2024-03-12T15:33:00","guid":{"rendered":"https:\/\/sana.sy\/es\/?p=324465"},"modified":"2024-03-13T13:37:09","modified_gmt":"2024-03-13T10:37:09","slug":"presidente-al-assad-y-su-par-egipcio-intercambian-felicitaciones-con-motivo-del-mes-de-ramadan","status":"publish","type":"post","link":"https:\/\/archive.sana.sy\/es\/?p=324465","title":{"rendered":"Presidente Al-Assad y su par egipcio intercambian felicitaciones con motivo del mes de Ramad\u00e1n"},"content":{"rendered":"<p style=\"text-align: justify;\"><span style=\"color: #800000;\"><strong>Damasco, 12 mar (SANA)<\/strong><\/span> El presidente Bashar Al-Assad recibi\u00f3 este martes una llamada telef\u00f3nica de su hom\u00f3logo de la Rep\u00fablica de Egipto, Abdel Fattah al-Sisi, durante la cual \u00a0los dos mandatarios intercambiaron\u00a0 felicitaciones con motivo del inicio del sagrado mes de Ramad\u00e1n.<\/p>\n<p style=\"text-align: justify;\">Los dos presidentes expresaron sus votos de que Siria y Egipto, junto con todas las naciones \u00e1rabes e isl\u00e1micas y todo el mundo logren la paz, estabilidad y prosperidad.<\/p>\n<p>&nbsp;<\/p>\n<p>la<\/p>\n","protected":false},"excerpt":{"rendered":"<p>Damasco, 12 mar (SANA) El presidente Bashar Al-Assad recibi\u00f3 este martes una llamada telef\u00f3nica de su hom\u00f3logo de la Rep\u00fablica de Egipto, Abdel Fattah al-Sisi, durante la cual \u00a0los dos mandatarios intercambiaron\u00a0 felicitaciones con motivo del inicio del sagrado mes de Ramad\u00e1n. Los dos presidentes expresaron sus votos de que Siria y Egipto, junto con &hellip;<\/p>\n","protected":false},"author":24,"featured_media":324469,"comment_status":"closed","ping_status":"closed","sticky":false,"template":"","format":"standard","meta":{"footnotes":""},"categories":[597,20724,16237,626],"tags":[],"class_list":["post-324465","post","type-post","status-publish","format-standard","has-post-thumbnail","","category-cinta-de-noticias","category-minuto-a-minuto","category-presidence-de-la-republique-arabe-syria","category-sr-presidente"],"_links":{"self":[{"href":"https:\/\/archive.sana.sy\/es\/index.php?rest_route=\/wp\/v2\/posts\/324465"}],"collection":[{"href":"https:\/\/archive.sana.sy\/es\/index.php?rest_route=\/wp\/v2\/posts"}],"about":[{"href":"https:\/\/archive.sana.sy\/es\/index.php?rest_route=\/wp\/v2\/types\/post"}],"author":[{"embeddable":true,"href":"https:\/\/archive.sana.sy\/es\/index.php?rest_route=\/wp\/v2\/users\/24"}],"replies":[{"embeddable":true,"href":"https:\/\/archive.sana.sy\/es\/index.php?rest_route=%2Fwp%2Fv2%2Fcomments&post=324465"}],"version-history":[{"count":5,"href":"https:\/\/archive.sana.sy\/es\/index.php?rest_route=\/wp\/v2\/posts\/324465\/revisions"}],"predecessor-version":[{"id":324519,"href":"https:\/\/archive.sana.sy\/es\/index.php?rest_route=\/wp\/v2\/posts\/324465\/revisions\/324519"}],"wp:featuredmedia":[{"embeddable":true,"href":"https:\/\/archive.sana.sy\/es\/index.php?rest_route=\/wp\/v2\/media\/324469"}],"wp:attachment":[{"href":"https:\/\/archive.sana.sy\/es\/index.php?rest_route=%2Fwp%2Fv2%2Fmedia&parent=324465"}],"wp:term":[{"taxonomy":"category","embeddable":true,"href":"https:\/\/archive.sana.sy\/es\/index.php?rest_route=%2Fwp%2Fv2%2Fcategories&post=324465"},{"taxonomy":"post_tag","embeddable":true,"href":"https:\/\/archive.sana.sy\/es\/index.php?rest_route=%2Fwp%2Fv2%2Ftags&post=324465"}],"curies":[{"name":"wp","href":"https:\/\/api.w.org\/{rel}","templated":true}]}}