{"id":324479,"date":"2024-03-12T19:09:59","date_gmt":"2024-03-12T16:09:59","guid":{"rendered":"https:\/\/sana.sy\/es\/?p=324479"},"modified":"2024-03-12T19:09:59","modified_gmt":"2024-03-12T16:09:59","slug":"rusia-china-e-iran-inician-maniobras-maritimas-en-el-golfo-de-oman","status":"publish","type":"post","link":"https:\/\/archive.sana.sy\/es\/?p=324479","title":{"rendered":"Rusia, China e Ir\u00e1n inician maniobras mar\u00edtimas en el golfo de Om\u00e1n"},"content":{"rendered":"<p style=\"text-align: justify\"><span style=\"color: #800000\"><strong>Mosc\u00fa, 12 mar (SANA)<\/strong><\/span> Las armadas de Rusia, China e Ir\u00e1n han dado comienzo a maniobras militares conjuntas en el golfo de Om\u00e1n, inform\u00f3 este martes el Ministerio de Defensa ruso.<\/p>\n<p style=\"text-align: justify\">Estas maniobras se realizan con el prop\u00f3sito de \u201cfortalecer la seguridad de la actividad econ\u00f3mica mar\u00edtima\u201d, aclar\u00f3.<\/p>\n<p style=\"text-align: justify\">Durante estas pr\u00e1cticas, las embarcaciones de guerra de los tres pa\u00edses llevar\u00e1n a cabo ejercicios coordinados que incluir\u00e1n disparos contra blancos a\u00e9reos y mar\u00edtimos, as\u00ed como la puesta en pr\u00e1ctica de t\u00e1cticas para la liberaci\u00f3n de barcos capturados por piratas.<\/p>\n<p style=\"text-align: justify\">Es de se\u00f1alar que m\u00e1s de 20 buques, embarcaciones de apoyo, lanchas de combate y helic\u00f3pteros de aviaci\u00f3n naval participar\u00e1n en las maniobras.<\/p>\n<p style=\"text-align: justify\">la<\/p>\n","protected":false},"excerpt":{"rendered":"<p>Mosc\u00fa, 12 mar (SANA) Las armadas de Rusia, China e Ir\u00e1n han dado comienzo a maniobras militares conjuntas en el golfo de Om\u00e1n, inform\u00f3 este martes el Ministerio de Defensa ruso. Estas maniobras se realizan con el prop\u00f3sito de \u201cfortalecer la seguridad de la actividad econ\u00f3mica mar\u00edtima\u201d, aclar\u00f3. Durante estas pr\u00e1cticas, las embarcaciones de guerra &hellip;<\/p>\n","protected":false},"author":24,"featured_media":0,"comment_status":"closed","ping_status":"closed","sticky":false,"template":"","format":"standard","meta":{"footnotes":""},"categories":[597,456,16687,20724],"tags":[],"class_list":["post-324479","post","type-post","status-publish","format-standard","","category-cinta-de-noticias","category-arabe-internacional-politica","category-internacionales","category-minuto-a-minuto"],"_links":{"self":[{"href":"https:\/\/archive.sana.sy\/es\/index.php?rest_route=\/wp\/v2\/posts\/324479"}],"collection":[{"href":"https:\/\/archive.sana.sy\/es\/index.php?rest_route=\/wp\/v2\/posts"}],"about":[{"href":"https:\/\/archive.sana.sy\/es\/index.php?rest_route=\/wp\/v2\/types\/post"}],"author":[{"embeddable":true,"href":"https:\/\/archive.sana.sy\/es\/index.php?rest_route=\/wp\/v2\/users\/24"}],"replies":[{"embeddable":true,"href":"https:\/\/archive.sana.sy\/es\/index.php?rest_route=%2Fwp%2Fv2%2Fcomments&post=324479"}],"version-history":[{"count":1,"href":"https:\/\/archive.sana.sy\/es\/index.php?rest_route=\/wp\/v2\/posts\/324479\/revisions"}],"predecessor-version":[{"id":324480,"href":"https:\/\/archive.sana.sy\/es\/index.php?rest_route=\/wp\/v2\/posts\/324479\/revisions\/324480"}],"wp:attachment":[{"href":"https:\/\/archive.sana.sy\/es\/index.php?rest_route=%2Fwp%2Fv2%2Fmedia&parent=324479"}],"wp:term":[{"taxonomy":"category","embeddable":true,"href":"https:\/\/archive.sana.sy\/es\/index.php?rest_route=%2Fwp%2Fv2%2Fcategories&post=324479"},{"taxonomy":"post_tag","embeddable":true,"href":"https:\/\/archive.sana.sy\/es\/index.php?rest_route=%2Fwp%2Fv2%2Ftags&post=324479"}],"curies":[{"name":"wp","href":"https:\/\/api.w.org\/{rel}","templated":true}]}}