{"id":324488,"date":"2024-03-12T20:07:21","date_gmt":"2024-03-12T17:07:21","guid":{"rendered":"https:\/\/sana.sy\/es\/?p=324488"},"modified":"2024-03-12T20:07:21","modified_gmt":"2024-03-12T17:07:21","slug":"presidente-de-venezuela-compara-atrocidades-israelies-contra-los-palestinos-de-las-practicas-de-hitler","status":"publish","type":"post","link":"https:\/\/archive.sana.sy\/es\/?p=324488","title":{"rendered":"Presidente de Venezuela compara atrocidades israel\u00edes contra los palestinos de las pr\u00e1cticas de Hitler"},"content":{"rendered":"<p style=\"text-align: justify\"><span style=\"color: #800000\"><strong>Caracas, 12 mar (SANA)<\/strong><\/span> El presidente de Venezuela, Nicol\u00e1s Maduro, se\u00f1al\u00f3 que Venezuela eleva sus oraciones por la paz en Palestina ocupada, especialmente en la Franja de Gaza.<\/p>\n<p style=\"text-align: justify\">El mandatario bolivariano hizo estas declaraciones durante la edici\u00f3n N\u00b0 37 del programa \u201cCon Maduro+\u201d.<\/p>\n<p style=\"text-align: justify\">Asimismo, denunci\u00f3 los ataques israel\u00edes contra los lugares sagrados del pueblo palestino.<\/p>\n<p style=\"text-align: justify\">\u201cEsto no se hab\u00eda visto, que ataquen con bombas, que allanen mezquitas, que arrastren por el piso a la gente que lo que va es a orar, a recitar el Cor\u00e1n, a recordar al profeta Mahoma, que no respeten la espiritualidad profunda que tiene el pueblo musulm\u00e1n\u201d, fustig\u00f3.<\/p>\n<p style=\"text-align: justify\">Asimismo compar\u00f3 estas atrocidades israel\u00edes \u201ccon la persecuci\u00f3n que Hitler tuvo contra el pueblo jud\u00edo solo por su ra\u00edz religiosa\u201d, dijo.<\/p>\n<p style=\"text-align: justify\">la<\/p>\n","protected":false},"excerpt":{"rendered":"<p>Caracas, 12 mar (SANA) El presidente de Venezuela, Nicol\u00e1s Maduro, se\u00f1al\u00f3 que Venezuela eleva sus oraciones por la paz en Palestina ocupada, especialmente en la Franja de Gaza. El mandatario bolivariano hizo estas declaraciones durante la edici\u00f3n N\u00b0 37 del programa \u201cCon Maduro+\u201d. Asimismo, denunci\u00f3 los ataques israel\u00edes contra los lugares sagrados del pueblo palestino. &hellip;<\/p>\n","protected":false},"author":24,"featured_media":324489,"comment_status":"closed","ping_status":"closed","sticky":false,"template":"","format":"standard","meta":{"footnotes":""},"categories":[456,16687,20724],"tags":[],"class_list":["post-324488","post","type-post","status-publish","format-standard","has-post-thumbnail","","category-arabe-internacional-politica","category-internacionales","category-minuto-a-minuto"],"_links":{"self":[{"href":"https:\/\/archive.sana.sy\/es\/index.php?rest_route=\/wp\/v2\/posts\/324488"}],"collection":[{"href":"https:\/\/archive.sana.sy\/es\/index.php?rest_route=\/wp\/v2\/posts"}],"about":[{"href":"https:\/\/archive.sana.sy\/es\/index.php?rest_route=\/wp\/v2\/types\/post"}],"author":[{"embeddable":true,"href":"https:\/\/archive.sana.sy\/es\/index.php?rest_route=\/wp\/v2\/users\/24"}],"replies":[{"embeddable":true,"href":"https:\/\/archive.sana.sy\/es\/index.php?rest_route=%2Fwp%2Fv2%2Fcomments&post=324488"}],"version-history":[{"count":1,"href":"https:\/\/archive.sana.sy\/es\/index.php?rest_route=\/wp\/v2\/posts\/324488\/revisions"}],"predecessor-version":[{"id":324490,"href":"https:\/\/archive.sana.sy\/es\/index.php?rest_route=\/wp\/v2\/posts\/324488\/revisions\/324490"}],"wp:featuredmedia":[{"embeddable":true,"href":"https:\/\/archive.sana.sy\/es\/index.php?rest_route=\/wp\/v2\/media\/324489"}],"wp:attachment":[{"href":"https:\/\/archive.sana.sy\/es\/index.php?rest_route=%2Fwp%2Fv2%2Fmedia&parent=324488"}],"wp:term":[{"taxonomy":"category","embeddable":true,"href":"https:\/\/archive.sana.sy\/es\/index.php?rest_route=%2Fwp%2Fv2%2Fcategories&post=324488"},{"taxonomy":"post_tag","embeddable":true,"href":"https:\/\/archive.sana.sy\/es\/index.php?rest_route=%2Fwp%2Fv2%2Ftags&post=324488"}],"curies":[{"name":"wp","href":"https:\/\/api.w.org\/{rel}","templated":true}]}}